{"id":2847,"date":"2024-11-02T17:53:00","date_gmt":"2024-11-02T16:53:00","guid":{"rendered":"https:\/\/www.abbayedereigny.com\/christmas-concert-la-bete-et-la-belle\/"},"modified":"2025-09-02T08:49:49","modified_gmt":"2025-09-02T06:49:49","slug":"christmas-concert-la-bete-et-la-belle","status":"publish","type":"post","link":"https:\/\/www.abbayedereigny.com\/en\/christmas-concert-la-bete-et-la-belle\/","title":{"rendered":"Christmas concerts: Beauty and the Beast"},"content":{"rendered":"<p>[et_pb_section fb_built=&#8221;1&#8243; _builder_version=&#8221;4.27.2&#8243; _module_preset=&#8221;default&#8221; background_enable_color=&#8221;off&#8221; use_background_color_gradient=&#8221;on&#8221; background_color_gradient_stops=&#8221;rgba(168,13,13,0.83) 0%|#841616 100%&#8221; background_image=&#8221;https:\/\/www.abbayedereigny.com\/wp-content\/uploads\/2024\/11\/Fichier-1la-bete-et-la-belle-silouhette.png&#8221; background_blend=&#8221;multiply&#8221; custom_padding=&#8221;8px|||||&#8221; box_shadow_style=&#8221;preset1&#8243; global_colors_info=&#8221;{}&#8221;][et_pb_row use_custom_gutter=&#8221;on&#8221; gutter_width=&#8221;2&#8243; admin_label=&#8221;Line&#8221; _builder_version=&#8221;4.25.2&#8243; _module_preset=&#8221;default&#8221; custom_padding=&#8221;||4px|||&#8221; global_colors_info=&#8221;{}&#8221;][et_pb_column type=&#8221;4_4&#8243; admin_label=&#8221;Column&#8221; _builder_version=&#8221;4.17.4&#8243; _module_preset=&#8221;default&#8221; global_colors_info=&#8221;{}&#8221;][et_pb_text _builder_version=&#8221;4.27.2&#8243; _module_preset=&#8221;default&#8221; header_font=&#8221;||||||||&#8221; header_text_align=&#8221;center&#8221; header_text_color=&#8221;#BEA88F&#8221; header_line_height=&#8221;1.7em&#8221; header_2_font=&#8221;|800||on|||||&#8221; header_2_text_align=&#8221;center&#8221; header_2_text_color=&#8221;#fbbb21&#8243; header_2_font_size=&#8221;50px&#8221; header_2_line_height=&#8221;1.1em&#8221; header_3_font=&#8221;|300||on|||||&#8221; header_3_text_align=&#8221;center&#8221; header_3_text_color=&#8221;#FFFFFF&#8221; header_3_line_height=&#8221;1.6em&#8221; custom_margin=&#8221;43px|||||&#8221; header_2_font_size_tablet=&#8221;40px&#8221; header_2_font_size_phone=&#8221;40px&#8221; header_2_font_size_last_edited=&#8221;on|phone&#8221; header_3_line_height_tablet=&#8221;1.6em&#8221; header_3_line_height_phone=&#8221;1.9em&#8221; header_3_line_height_last_edited=&#8221;on|phone&#8221; global_colors_info=&#8221;{}&#8221;]<\/p>\n<h3>Christmas concerts<\/h3>\n<h2>Beauty and the Beast<\/h2>\n<h3>a tale of the blue room quartet<\/h3>\n<p>[\/et_pb_text][et_pb_image src=&#8221;https:\/\/www.abbayedereigny.com\/wp-content\/uploads\/2024\/11\/cafe-europa.png&#8221; alt=&#8221;Caf\u00e9 Europa&#8221; title_text=&#8221;Caf\u00e9 Europa&#8221; url=&#8221;https:\/\/www.lecafeeuropa.com\/&#8221; url_new_window=&#8221;on&#8221; align=&#8221;center&#8221; _builder_version=&#8221;4.27.2&#8243; _module_preset=&#8221;default&#8221; width=&#8221;80%&#8221; max_width=&#8221;80%&#8221; global_colors_info=&#8221;{}&#8221;][\/et_pb_image][\/et_pb_column][\/et_pb_row][et_pb_row column_structure=&#8221;1_2,1_2&#8243; use_custom_gutter=&#8221;on&#8221; gutter_width=&#8221;2&#8243; admin_label=&#8221;Line&#8221; _builder_version=&#8221;4.27.2&#8243; _module_preset=&#8221;default&#8221; custom_padding=&#8221;||4px|||&#8221; global_colors_info=&#8221;{}&#8221;][et_pb_column type=&#8221;1_2&#8243; admin_label=&#8221;Column&#8221; _builder_version=&#8221;4.17.4&#8243; _module_preset=&#8221;default&#8221; global_colors_info=&#8221;{}&#8221;][et_pb_image src=&#8221;https:\/\/www.abbayedereigny.com\/wp-content\/uploads\/2024\/11\/0c1d1eb44307ee911fde1eaca87f58ad.jpg&#8221; show_in_lightbox=&#8221;on&#8221; _builder_version=&#8221;4.27.2&#8243; _module_preset=&#8221;default&#8221; box_shadow_style=&#8221;preset3&#8243; global_colors_info=&#8221;{}&#8221;][\/et_pb_image][\/et_pb_column][et_pb_column type=&#8221;1_2&#8243; admin_label=&#8221;Column&#8221; _builder_version=&#8221;4.17.4&#8243; _module_preset=&#8221;default&#8221; global_colors_info=&#8221;{}&#8221;][et_pb_text _builder_version=&#8221;4.27.2&#8243; _module_preset=&#8221;default&#8221; text_text_color=&#8221;#FFFFFF&#8221; text_font_size=&#8221;16px&#8221; text_line_height=&#8221;1.8em&#8221; custom_margin=&#8221;1px||70px|||&#8221; global_colors_info=&#8221;{}&#8221;]<\/p>\n<p>The story of <strong>Beauty and the Beast<\/strong> is as old as antiquity, like<strong>Ovid&#8217;s Golden Ass<\/strong>, like <strong>Mme Leprince Beaumont<\/strong>&#8216;s bonnet, like beauty and bestiality.<br \/>But this time, it&#8217;s the <strong>Beast<\/strong> who tells the tale.<br \/>Il \u00e9tait cette fois: a wildly subjective version, in which it&#8217;s the audience&#8217;s presence that is the beautiful, the long-awaited, invoked by the storytellers of the Blue Room&#8230;<\/p>\n<p>[\/et_pb_text][et_pb_text _builder_version=&#8221;4.27.2&#8243; _module_preset=&#8221;default&#8221; text_text_color=&#8221;#FFFFFF&#8221; text_font_size=&#8221;16px&#8221; text_line_height=&#8221;1.8em&#8221; custom_margin=&#8221;1px||70px|||&#8221; global_colors_info=&#8221;{}&#8221;]<\/p>\n<p><strong>Conte musical en quatuor de la &#8220;chambre bleue<\/strong>&#8221; <strong><br \/> written by Romain Dumas and directed by Emmanuelle Cordiolani<\/strong><\/p>\n<p>With B\u00e9n\u00e9dicte Lesenne as the Beast,<br \/>Anastasie Lefebvre de Rieux (flute)<br \/>Clothilde Lacroix (cello), <br \/>Chlo\u00e9 Ducray (harp)<\/p>\n<p>[\/et_pb_text][\/et_pb_column][\/et_pb_row][et_pb_row column_structure=&#8221;1_2,1_2&#8243; use_custom_gutter=&#8221;on&#8221; gutter_width=&#8221;2&#8243; admin_label=&#8221;Line&#8221; _builder_version=&#8221;4.27.2&#8243; _module_preset=&#8221;default&#8221; custom_padding=&#8221;||4px|||&#8221; global_colors_info=&#8221;{}&#8221;][et_pb_column type=&#8221;1_2&#8243; admin_label=&#8221;Column&#8221; _builder_version=&#8221;4.17.4&#8243; _module_preset=&#8221;default&#8221; global_colors_info=&#8221;{}&#8221;][et_pb_text _builder_version=&#8221;4.27.4&#8243; _module_preset=&#8221;default&#8221; text_text_color=&#8221;#FFFFFF&#8221; header_font=&#8221;|700||on|||||&#8221; header_text_align=&#8221;center&#8221; header_line_height=&#8221;1.7em&#8221; header_2_text_color=&#8221;#FFFFFF&#8221; header_3_text_color=&#8221;#FFFFFF&#8221; header_3_line_height=&#8221;1.7em&#8221; custom_margin=&#8221;||73px|||&#8221; global_colors_info=&#8221;{}&#8221;]<\/p>\n<h2>Friday, December 13 at 2:30 p.m.<\/h2>\n<h3><strong>Christmas concert<\/strong>: <strong>La B\u00eate et la Belle<\/strong>,<br \/>musical tale composed by Romain Dumas: educational session.<\/h3>\n<p>Rate \u20ac6 (for schoolchildren only)<\/p>\n<p>[\/et_pb_text][et_pb_image src=&#8221;https:\/\/www.abbayedereigny.com\/wp-content\/uploads\/2024\/12\/affiche-RVB-la-Bete-et-la-Belle.jpg&#8221; title_text=&#8221;La Bete et la Belle RGB poster&#8221; _builder_version=&#8221;4.27.4&#8243; _module_preset=&#8221;default&#8221; box_shadow_style=&#8221;preset2&#8243; global_colors_info=&#8221;{}&#8221;][\/et_pb_image][\/et_pb_column][et_pb_column type=&#8221;1_2&#8243; admin_label=&#8221;Column&#8221; _builder_version=&#8221;4.17.4&#8243; _module_preset=&#8221;default&#8221; global_colors_info=&#8221;{}&#8221;][et_pb_text _builder_version=&#8221;4.27.2&#8243; _module_preset=&#8221;default&#8221; text_text_color=&#8221;#FFFFFF&#8221; header_font=&#8221;|700||on|||||&#8221; header_text_align=&#8221;center&#8221; header_line_height=&#8221;1.7em&#8221; header_2_text_color=&#8221;#FFFFFF&#8221; header_3_text_color=&#8221;#FFFFFF&#8221; header_3_line_height=&#8221;1.6em&#8221; global_colors_info=&#8221;{}&#8221;]<\/p>\n<h2>Saturday, December 14 at 4:00 p.m.<\/h2>\n<h3><strong>Christmas concert<\/strong>: <strong>La B\u00eate et la Belle<\/strong>,<br \/>concert following 3 days of work by artists in residence at Reigny Abbey, followed by a Christmas snack.<\/h3>\n<p style=\"text-align: right;\"><strong>Member rates<\/strong><br \/>individual \u20ac25<br \/>family* \u20ac60<br \/><strong>Non-member rates<\/strong><br \/>individual \u20ac30<br \/>family* \u20ac70<br \/>additional child \u20ac10 *2 adults and 2 children<\/p>\n<p style=\"text-align: right;\">[\/et_pb_text][et_pb_button button_url=&#8221;https:\/\/www.helloasso.com\/associations\/association-des-amis-de-l-abbaye-de-reigny\/evenements\/spectacle-de-noel&#8221; url_new_window=&#8221;on&#8221; button_text=&#8221;Reservations on helloasso&#8221; button_alignment=&#8221;center&#8221; _builder_version=&#8221;4.27.2&#8243; _module_preset=&#8221;default&#8221; custom_button=&#8221;on&#8221; button_text_color=&#8221;#FFFFFF&#8221; button_bg_color=&#8221;#BEA88F&#8221; custom_margin=&#8221;33px|||||&#8221; global_colors_info=&#8221;{}&#8221;][\/et_pb_button][et_pb_text _builder_version=&#8221;4.27.4&#8243; _module_preset=&#8221;default&#8221; text_text_color=&#8221;#FFFFFF&#8221; text_orientation=&#8221;center&#8221; global_colors_info=&#8221;{}&#8221;]<\/p>\n<p>Infos.resas@abbayedereigny.com<br \/>06 09 37 88 47<\/p>\n<p>[\/et_pb_text][\/et_pb_column][\/et_pb_row][\/et_pb_section][et_pb_section fb_built=&#8221;1&#8243; _builder_version=&#8221;4.27.4&#8243; _module_preset=&#8221;default&#8221; hover_enabled=&#8221;0&#8243; global_colors_info=&#8221;{}&#8221; top_divider_style=&#8221;wave2&#8243; sticky_enabled=&#8221;0&#8243; bottom_divider_style=&#8221;wave2&#8243; bottom_divider_color=&#8221;#BEA88F&#8221; bottom_divider_flip=&#8221;horizontal&#8221; bottom_divider_arrangement=&#8221;above_content&#8221; prev_background_color=&#8221;#000000&#8243;][et_pb_row _builder_version=&#8221;4.27.4&#8243; _module_preset=&#8221;default&#8221; global_colors_info=&#8221;{}&#8221;][et_pb_column type=&#8221;4_4&#8243; _builder_version=&#8221;4.27.4&#8243; _module_preset=&#8221;default&#8221; global_colors_info=&#8221;{}&#8221;][et_pb_text admin_label=&#8221;Texte&#8221; _builder_version=&#8221;4.27.4&#8243; _module_preset=&#8221;default&#8221; text_font=&#8221;|600|||||||&#8221; text_font_size=&#8221;16px&#8221; text_line_height=&#8221;1em&#8221; header_font=&#8221;|600|||||||&#8221; header_text_color=&#8221;#8e3411&#8243; header_line_height=&#8221;1.4em&#8221; global_colors_info=&#8221;{}&#8221;]<\/p>\n<h1>Christmas concert:<br \/>La B\u00eate et la Belle, a musical tale composed by Romain Dumas.<\/h1>\n<p>Friday December 13, educational session. Session for young audiences.<\/p>\n<p>On Saturday December 14, the adults put on a show that ended with a rendition of the Belle song.<\/p>\n<p>[\/et_pb_text][\/et_pb_column][\/et_pb_row][et_pb_row column_structure=&#8221;1_2,1_2&#8243; _builder_version=&#8221;4.27.4&#8243; _module_preset=&#8221;default&#8221; global_colors_info=&#8221;{}&#8221;][et_pb_column type=&#8221;1_2&#8243; admin_label=&#8221;Column&#8221; _builder_version=&#8221;4.27.4&#8243; _module_preset=&#8221;default&#8221; global_colors_info=&#8221;{}&#8221;][et_pb_video src=&#8221;https:\/\/www.abbayedereigny.com\/wp-content\/uploads\/2024\/12\/la-bete-et-la-belle-spectacle-enfants.mp4&#8243; _builder_version=&#8221;4.27.4&#8243; _module_preset=&#8221;default&#8221; global_colors_info=&#8221;{}&#8221;][\/et_pb_video][\/et_pb_column][et_pb_column type=&#8221;1_2&#8243; _builder_version=&#8221;4.27.4&#8243; _module_preset=&#8221;default&#8221; global_colors_info=&#8221;{}&#8221;][et_pb_text _builder_version=&#8221;4.27.4&#8243; _module_preset=&#8221;default&#8221; hover_enabled=&#8221;0&#8243; global_colors_info=&#8221;{}&#8221; text_font=&#8221;|600|||||||&#8221; text_font_size=&#8221;16px&#8221; sticky_enabled=&#8221;0&#8243;]<\/p>\n<p><strong>Christmas concert<\/strong>: <strong>La B\u00eate et la Belle<\/strong>,<\/p>\n<p>Friday December 13, musical tale composed by Romain Dumas: educational session.<\/p>\n<p>Session for young audiences<\/p>\n<p>[\/et_pb_text][et_pb_image src=&#8221;https:\/\/www.abbayedereigny.com\/wp-content\/uploads\/2024\/12\/la-bete-et-la-belle-spectacle-enfants1.jpg&#8221; title_text=&#8221;la bete et la belle &#8211; children&#039;s show1&#8243; _builder_version=&#8221;4.27.4&#8243; _module_preset=&#8221;default&#8221; global_colors_info=&#8221;{}&#8221;][\/et_pb_image][et_pb_image src=&#8221;https:\/\/www.abbayedereigny.com\/wp-content\/uploads\/2024\/12\/la-bete-et-la-belle-spectacle-enfants.jpg&#8221; title_text=&#8221;la bete et la belle &#8211; children&#039;s show&#8221; _builder_version=&#8221;4.27.4&#8243; _module_preset=&#8221;default&#8221; global_colors_info=&#8221;{}&#8221;][\/et_pb_image][\/et_pb_column][\/et_pb_row][\/et_pb_section][et_pb_section fb_built=&#8221;1&#8243; inner_shadow=&#8221;on&#8221; _builder_version=&#8221;4.27.4&#8243; _module_preset=&#8221;default&#8221; width=&#8221;100%&#8221; max_width=&#8221;100%&#8221; top_divider_style=&#8221;wave2&#8243; top_divider_color=&#8221;#BEA88F&#8221; hover_enabled=&#8221;0&#8243; global_colors_info=&#8221;{}&#8221; sticky_enabled=&#8221;0&#8243; bottom_divider_style=&#8221;curve2&#8243; bottom_divider_color=&#8221;rgba(0,0,0,0.73)&#8221; custom_padding=&#8221;||98px|||&#8221; custom_margin=&#8221;||-98px||false|false&#8221;][et_pb_row column_structure=&#8221;1_2,1_2&#8243; _builder_version=&#8221;4.27.4&#8243; _module_preset=&#8221;default&#8221; global_colors_info=&#8221;{}&#8221; custom_margin=&#8221;53px|auto||auto||&#8221;][et_pb_column type=&#8221;1_2&#8243; _builder_version=&#8221;4.27.4&#8243; _module_preset=&#8221;default&#8221; global_colors_info=&#8221;{}&#8221;][et_pb_video src=&#8221;https:\/\/www.abbayedereigny.com\/wp-content\/uploads\/2024\/12\/spectacle-adulte-reprise-de-la-chanson.mp4&#8243; _builder_version=&#8221;4.27.4&#8243; _module_preset=&#8221;default&#8221; hover_enabled=&#8221;0&#8243; global_colors_info=&#8221;{}&#8221; box_shadow_style=&#8221;preset3&#8243; sticky_enabled=&#8221;0&#8243;][\/et_pb_video][et_pb_image src=&#8221;https:\/\/www.abbayedereigny.com\/wp-content\/uploads\/2024\/12\/violoncelliste.jpg&#8221; alt=&#8221;cellist&#8221; title_text=&#8221;cellist&#8221; _builder_version=&#8221;4.27.4&#8243; _module_preset=&#8221;default&#8221; global_colors_info=&#8221;{}&#8221; box_shadow_style=&#8221;preset3&#8243; show_in_lightbox=&#8221;on&#8221;][\/et_pb_image][\/et_pb_column][et_pb_column type=&#8221;1_2&#8243; _builder_version=&#8221;4.27.4&#8243; _module_preset=&#8221;default&#8221; global_colors_info=&#8221;{}&#8221;][et_pb_text _builder_version=&#8221;4.27.4&#8243; _module_preset=&#8221;default&#8221; header_text_color=&#8221;#a83a15&#8243; hover_enabled=&#8221;0&#8243; global_colors_info=&#8221;{}&#8221; text_font=&#8221;|600|||||||&#8221; text_font_size=&#8221;16px&#8221; sticky_enabled=&#8221;0&#8243;]<\/p>\n<h1><strong>Christmas concert<\/strong>: <strong>Beauty and the Beast<\/strong><\/h1>\n<p>Saturday December 14, musical tale composed by Romain Dumas.<\/p>\n<p>The final show for adults, which ended with the audience singing along to La Belle.<\/p>\n<p>[\/et_pb_text][et_pb_image src=&#8221;https:\/\/www.abbayedereigny.com\/wp-content\/uploads\/2024\/12\/la-bete-et-la-Belle-spectacle-adultes3.jpg&#8221; title_text=&#8221;la b\u00eate et la Belle, adult show3&#8243; _builder_version=&#8221;4.27.4&#8243; _module_preset=&#8221;default&#8221; hover_enabled=&#8221;0&#8243; global_colors_info=&#8221;{}&#8221; box_shadow_style=&#8221;preset3&#8243; show_in_lightbox=&#8221;on&#8221; sticky_enabled=&#8221;0&#8243;][\/et_pb_image][et_pb_image src=&#8221;https:\/\/www.abbayedereigny.com\/wp-content\/uploads\/2024\/12\/la-bete-et-la-Belle-spectacle-adultes5.jpg&#8221; title_text=&#8221;la b\u00eate et la Belle, adult show5&#8243; _builder_version=&#8221;4.27.4&#8243; _module_preset=&#8221;default&#8221; global_colors_info=&#8221;{}&#8221; box_shadow_style=&#8221;preset3&#8243; show_in_lightbox=&#8221;on&#8221;][\/et_pb_image][\/et_pb_column][\/et_pb_row][et_pb_row _builder_version=&#8221;4.27.4&#8243; _module_preset=&#8221;default&#8221; column_structure=&#8221;1_3,1_3,1_3&#8243; use_custom_gutter=&#8221;on&#8221; gutter_width=&#8221;2&#8243; hover_enabled=&#8221;0&#8243; sticky_enabled=&#8221;0&#8243;][et_pb_column _builder_version=&#8221;4.27.4&#8243; _module_preset=&#8221;default&#8221; type=&#8221;1_3&#8243;][et_pb_image src=&#8221;https:\/\/www.abbayedereigny.com\/wp-content\/uploads\/2024\/12\/repetition.jpg&#8221; _builder_version=&#8221;4.27.4&#8243; _module_preset=&#8221;default&#8221; title_text=&#8221;repetition&#8221; show_in_lightbox=&#8221;on&#8221; sticky_enabled=&#8221;0&#8243; box_shadow_style=&#8221;preset3&#8243;][\/et_pb_image][\/et_pb_column][et_pb_column _builder_version=&#8221;4.27.4&#8243; _module_preset=&#8221;default&#8221; type=&#8221;1_3&#8243;][et_pb_image src=&#8221;https:\/\/www.abbayedereigny.com\/wp-content\/uploads\/2024\/12\/la-bete-et-la-Belle-spectacle-adultes.jpg&#8221; _builder_version=&#8221;4.27.4&#8243; _module_preset=&#8221;default&#8221; title_text=&#8221;la b\u00eate et la Belle, adult show&#8221; show_in_lightbox=&#8221;on&#8221; sticky_enabled=&#8221;0&#8243; box_shadow_style=&#8221;preset3&#8243;][\/et_pb_image][\/et_pb_column][et_pb_column _builder_version=&#8221;4.27.4&#8243; _module_preset=&#8221;default&#8221; type=&#8221;1_3&#8243;][et_pb_image src=&#8221;https:\/\/www.abbayedereigny.com\/wp-content\/uploads\/2024\/12\/la-bete-et-la-Belle-spectacle-adultes2.jpg&#8221; _builder_version=&#8221;4.27.4&#8243; _module_preset=&#8221;default&#8221; title_text=&#8221;la b\u00eate et la Belle, adult show2&#8243; show_in_lightbox=&#8221;on&#8221; sticky_enabled=&#8221;0&#8243; box_shadow_style=&#8221;preset3&#8243;][\/et_pb_image][\/et_pb_column][\/et_pb_row][et_pb_row _builder_version=&#8221;4.27.4&#8243; _module_preset=&#8221;default&#8221; column_structure=&#8221;1_2,1_2&#8243;][et_pb_column _builder_version=&#8221;4.27.4&#8243; _module_preset=&#8221;default&#8221; type=&#8221;1_2&#8243;][et_pb_image src=&#8221;https:\/\/www.abbayedereigny.com\/wp-content\/uploads\/2024\/12\/costumes1.jpg&#8221; _builder_version=&#8221;4.27.4&#8243; _module_preset=&#8221;default&#8221; title_text=&#8221;costumes1&#8243; show_in_lightbox=&#8221;on&#8221; sticky_enabled=&#8221;0&#8243; box_shadow_style=&#8221;preset3&#8243;][\/et_pb_image][\/et_pb_column][et_pb_column _builder_version=&#8221;4.27.4&#8243; _module_preset=&#8221;default&#8221; type=&#8221;1_2&#8243;][et_pb_image src=&#8221;https:\/\/www.abbayedereigny.com\/wp-content\/uploads\/2024\/12\/costumes.jpg&#8221; _builder_version=&#8221;4.27.4&#8243; _module_preset=&#8221;default&#8221; title_text=&#8221;costumes&#8221; show_in_lightbox=&#8221;on&#8221; sticky_enabled=&#8221;0&#8243; box_shadow_style=&#8221;preset3&#8243;][\/et_pb_image][\/et_pb_column][\/et_pb_row][\/et_pb_section]<\/p>\n","protected":false},"excerpt":{"rendered":"<p>Friday, December 13, 4pm<br \/>\nChristmas concert: La b\u00eate et la belle, musical tale composed by Romain Dumas: educational session.<\/p>\n<p>Saturday, December 14, 4pm<br \/>\nChristmas concert: La b\u00eate et la belle, feedback concert following 3 days of work by the artists in residence at Reigny Abbey, followed by a Christmas snack.<br \/>\n<b>Photos and videos of the shows<\/b><\/p>\n","protected":false},"author":4,"featured_media":3017,"comment_status":"closed","ping_status":"closed","sticky":false,"template":"","format":"standard","meta":{"_et_pb_use_builder":"on","_et_pb_old_content":"","_et_gb_content_width":"","_jetpack_memberships_contains_paid_content":false,"footnotes":""},"categories":[48],"tags":[44,67],"class_list":["post-2847","post","type-post","status-publish","format-standard","has-post-thumbnail","hentry","category-2024-en","tag-concert-en","tag-noel-en"],"yoast_head":"<!-- This site is optimized with the Yoast SEO plugin v27.4 - https:\/\/yoast.com\/product\/yoast-seo-wordpress\/ -->\n<title>Christmas concerts: Beauty and the Beast - Abbaye de Reigny - Mariage, Wedding, r\u00e9ception, s\u00e9minaire avec h\u00e9bergement en Bourgogne, Burgundy, France<\/title>\n<meta name=\"robots\" content=\"index, follow, max-snippet:-1, max-image-preview:large, max-video-preview:-1\" \/>\n<link rel=\"canonical\" href=\"https:\/\/www.abbayedereigny.com\/en\/christmas-concert-la-bete-et-la-belle\/\" \/>\n<meta property=\"og:locale\" content=\"en_US\" \/>\n<meta property=\"og:type\" content=\"article\" \/>\n<meta property=\"og:title\" content=\"Christmas concerts: Beauty and the Beast - Abbaye de Reigny - Mariage, Wedding, r\u00e9ception, s\u00e9minaire avec h\u00e9bergement en Bourgogne, Burgundy, France\" \/>\n<meta property=\"og:description\" content=\"Friday, December 13, 4pm Christmas concert: La b\u00eate et la belle, musical tale composed by Romain Dumas: educational session. Saturday, December 14, 4pm Christmas concert: La b\u00eate et la belle, feedback concert following 3 days of work by the artists in residence at Reigny Abbey, followed by a Christmas snack. Photos and videos of the shows\" \/>\n<meta property=\"og:url\" content=\"https:\/\/www.abbayedereigny.com\/en\/christmas-concert-la-bete-et-la-belle\/\" \/>\n<meta property=\"og:site_name\" content=\"Abbaye de Reigny - Mariage, Wedding, r\u00e9ception, s\u00e9minaire avec h\u00e9bergement en Bourgogne, Burgundy, France\" \/>\n<meta property=\"article:publisher\" content=\"https:\/\/www.facebook.com\/abbaye.dereigny\" \/>\n<meta property=\"article:published_time\" content=\"2024-11-02T16:53:00+00:00\" \/>\n<meta property=\"article:modified_time\" content=\"2025-09-02T06:49:49+00:00\" \/>\n<meta property=\"og:image\" content=\"https:\/\/www.abbayedereigny.com\/wp-content\/uploads\/2024\/11\/0c1d1eb44307ee911fde1eaca87f58ad.jpg\" \/>\n\t<meta property=\"og:image:width\" content=\"720\" \/>\n\t<meta property=\"og:image:height\" content=\"960\" \/>\n\t<meta property=\"og:image:type\" content=\"image\/jpeg\" \/>\n<meta name=\"author\" content=\"Assoc. Les Amis de l&#039;Abbaye de Reigny\" \/>\n<meta name=\"twitter:card\" content=\"summary_large_image\" \/>\n<meta name=\"twitter:creator\" content=\"@AbbayeDeReigny\" \/>\n<meta name=\"twitter:site\" content=\"@AbbayeDeReigny\" \/>\n<meta name=\"twitter:label1\" content=\"Written by\" \/>\n\t<meta name=\"twitter:data1\" content=\"Assoc. Les Amis de l&#039;Abbaye de Reigny\" \/>\n\t<meta name=\"twitter:label2\" content=\"Est. reading time\" \/>\n\t<meta name=\"twitter:data2\" content=\"9 minutes\" \/>\n<script type=\"application\/ld+json\" class=\"yoast-schema-graph\">{\"@context\":\"https:\\\/\\\/schema.org\",\"@graph\":[{\"@type\":\"Article\",\"@id\":\"https:\\\/\\\/www.abbayedereigny.com\\\/en\\\/christmas-concert-la-bete-et-la-belle\\\/#article\",\"isPartOf\":{\"@id\":\"https:\\\/\\\/www.abbayedereigny.com\\\/en\\\/christmas-concert-la-bete-et-la-belle\\\/\"},\"author\":{\"name\":\"Assoc. Les Amis de l'Abbaye de Reigny\",\"@id\":\"https:\\\/\\\/www.abbayedereigny.com\\\/en\\\/#\\\/schema\\\/person\\\/1e0f3d248eb0174774fdef5a910f8b61\"},\"headline\":\"Christmas concerts: Beauty and the Beast\",\"datePublished\":\"2024-11-02T16:53:00+00:00\",\"dateModified\":\"2025-09-02T06:49:49+00:00\",\"mainEntityOfPage\":{\"@id\":\"https:\\\/\\\/www.abbayedereigny.com\\\/en\\\/christmas-concert-la-bete-et-la-belle\\\/\"},\"wordCount\":1779,\"publisher\":{\"@id\":\"https:\\\/\\\/www.abbayedereigny.com\\\/en\\\/#organization\"},\"image\":{\"@id\":\"https:\\\/\\\/www.abbayedereigny.com\\\/en\\\/christmas-concert-la-bete-et-la-belle\\\/#primaryimage\"},\"thumbnailUrl\":\"https:\\\/\\\/www.abbayedereigny.com\\\/wp-content\\\/uploads\\\/2024\\\/11\\\/0c1d1eb44307ee911fde1eaca87f58ad.jpg\",\"keywords\":[\"concert\",\"No\u00ebl\"],\"articleSection\":[\"Season 2024\"],\"inLanguage\":\"en-US\"},{\"@type\":\"WebPage\",\"@id\":\"https:\\\/\\\/www.abbayedereigny.com\\\/en\\\/christmas-concert-la-bete-et-la-belle\\\/\",\"url\":\"https:\\\/\\\/www.abbayedereigny.com\\\/en\\\/christmas-concert-la-bete-et-la-belle\\\/\",\"name\":\"Christmas concerts: Beauty and the Beast - Abbaye de Reigny - Mariage, Wedding, r\u00e9ception, s\u00e9minaire avec h\u00e9bergement en Bourgogne, Burgundy, France\",\"isPartOf\":{\"@id\":\"https:\\\/\\\/www.abbayedereigny.com\\\/en\\\/#website\"},\"primaryImageOfPage\":{\"@id\":\"https:\\\/\\\/www.abbayedereigny.com\\\/en\\\/christmas-concert-la-bete-et-la-belle\\\/#primaryimage\"},\"image\":{\"@id\":\"https:\\\/\\\/www.abbayedereigny.com\\\/en\\\/christmas-concert-la-bete-et-la-belle\\\/#primaryimage\"},\"thumbnailUrl\":\"https:\\\/\\\/www.abbayedereigny.com\\\/wp-content\\\/uploads\\\/2024\\\/11\\\/0c1d1eb44307ee911fde1eaca87f58ad.jpg\",\"datePublished\":\"2024-11-02T16:53:00+00:00\",\"dateModified\":\"2025-09-02T06:49:49+00:00\",\"breadcrumb\":{\"@id\":\"https:\\\/\\\/www.abbayedereigny.com\\\/en\\\/christmas-concert-la-bete-et-la-belle\\\/#breadcrumb\"},\"inLanguage\":\"en-US\",\"potentialAction\":[{\"@type\":\"ReadAction\",\"target\":[\"https:\\\/\\\/www.abbayedereigny.com\\\/en\\\/christmas-concert-la-bete-et-la-belle\\\/\"]}]},{\"@type\":\"ImageObject\",\"inLanguage\":\"en-US\",\"@id\":\"https:\\\/\\\/www.abbayedereigny.com\\\/en\\\/christmas-concert-la-bete-et-la-belle\\\/#primaryimage\",\"url\":\"https:\\\/\\\/www.abbayedereigny.com\\\/wp-content\\\/uploads\\\/2024\\\/11\\\/0c1d1eb44307ee911fde1eaca87f58ad.jpg\",\"contentUrl\":\"https:\\\/\\\/www.abbayedereigny.com\\\/wp-content\\\/uploads\\\/2024\\\/11\\\/0c1d1eb44307ee911fde1eaca87f58ad.jpg\",\"width\":720,\"height\":960},{\"@type\":\"BreadcrumbList\",\"@id\":\"https:\\\/\\\/www.abbayedereigny.com\\\/en\\\/christmas-concert-la-bete-et-la-belle\\\/#breadcrumb\",\"itemListElement\":[{\"@type\":\"ListItem\",\"position\":1,\"name\":\"Accueil\",\"item\":\"https:\\\/\\\/www.abbayedereigny.com\\\/en\\\/abbey-of-reigny-2\\\/\"},{\"@type\":\"ListItem\",\"position\":2,\"name\":\"Christmas concerts: Beauty and the Beast\"}]},{\"@type\":\"WebSite\",\"@id\":\"https:\\\/\\\/www.abbayedereigny.com\\\/en\\\/#website\",\"url\":\"https:\\\/\\\/www.abbayedereigny.com\\\/en\\\/\",\"name\":\"Abbaye de Reigny - Mariage, Wedding, r\u00e9ception, s\u00e9minaire avec h\u00e9bergement en Bourgogne, Burgundy, France\",\"description\":\"Mariage, Wedding, r\u00e9ception s\u00e9minaires, h\u00e9bergement dans l&#039;Yonne, France\",\"publisher\":{\"@id\":\"https:\\\/\\\/www.abbayedereigny.com\\\/en\\\/#organization\"},\"potentialAction\":[{\"@type\":\"SearchAction\",\"target\":{\"@type\":\"EntryPoint\",\"urlTemplate\":\"https:\\\/\\\/www.abbayedereigny.com\\\/en\\\/?s={search_term_string}\"},\"query-input\":{\"@type\":\"PropertyValueSpecification\",\"valueRequired\":true,\"valueName\":\"search_term_string\"}}],\"inLanguage\":\"en-US\"},{\"@type\":\"Organization\",\"@id\":\"https:\\\/\\\/www.abbayedereigny.com\\\/en\\\/#organization\",\"name\":\"Abbaye de Reigny - Mariage, Wedding, r\u00e9ception, s\u00e9minaire avec h\u00e9bergement en Bourgogne, Burgundy, France\",\"url\":\"https:\\\/\\\/www.abbayedereigny.com\\\/en\\\/\",\"logo\":{\"@type\":\"ImageObject\",\"inLanguage\":\"en-US\",\"@id\":\"https:\\\/\\\/www.abbayedereigny.com\\\/en\\\/#\\\/schema\\\/logo\\\/image\\\/\",\"url\":\"https:\\\/\\\/www.abbayedereigny.com\\\/wp-content\\\/uploads\\\/2022\\\/03\\\/Abbaye-Reigny-blasontexte.png\",\"contentUrl\":\"https:\\\/\\\/www.abbayedereigny.com\\\/wp-content\\\/uploads\\\/2022\\\/03\\\/Abbaye-Reigny-blasontexte.png\",\"width\":374,\"height\":150,\"caption\":\"Abbaye de Reigny - Mariage, Wedding, r\u00e9ception, s\u00e9minaire avec h\u00e9bergement en Bourgogne, Burgundy, France\"},\"image\":{\"@id\":\"https:\\\/\\\/www.abbayedereigny.com\\\/en\\\/#\\\/schema\\\/logo\\\/image\\\/\"},\"sameAs\":[\"https:\\\/\\\/www.facebook.com\\\/abbaye.dereigny\",\"https:\\\/\\\/x.com\\\/AbbayeDeReigny\"]},{\"@type\":\"Person\",\"@id\":\"https:\\\/\\\/www.abbayedereigny.com\\\/en\\\/#\\\/schema\\\/person\\\/1e0f3d248eb0174774fdef5a910f8b61\",\"name\":\"Assoc. Les Amis de l'Abbaye de Reigny\",\"image\":{\"@type\":\"ImageObject\",\"inLanguage\":\"en-US\",\"@id\":\"https:\\\/\\\/secure.gravatar.com\\\/avatar\\\/0293822d86f859e1a3256ac8f237c733bc03e7f6d233aa19d2f4e5ee27c61c0a?s=96&d=mm&r=g\",\"url\":\"https:\\\/\\\/secure.gravatar.com\\\/avatar\\\/0293822d86f859e1a3256ac8f237c733bc03e7f6d233aa19d2f4e5ee27c61c0a?s=96&d=mm&r=g\",\"contentUrl\":\"https:\\\/\\\/secure.gravatar.com\\\/avatar\\\/0293822d86f859e1a3256ac8f237c733bc03e7f6d233aa19d2f4e5ee27c61c0a?s=96&d=mm&r=g\",\"caption\":\"Assoc. Les Amis de l'Abbaye de Reigny\"},\"url\":\"https:\\\/\\\/www.abbayedereigny.com\\\/en\\\/author\\\/amis-de-abbaye-de-reigny\\\/\"}]}<\/script>\n<!-- \/ Yoast SEO plugin. -->","yoast_head_json":{"title":"Christmas concerts: Beauty and the Beast - Abbaye de Reigny - Mariage, Wedding, r\u00e9ception, s\u00e9minaire avec h\u00e9bergement en Bourgogne, Burgundy, France","robots":{"index":"index","follow":"follow","max-snippet":"max-snippet:-1","max-image-preview":"max-image-preview:large","max-video-preview":"max-video-preview:-1"},"canonical":"https:\/\/www.abbayedereigny.com\/en\/christmas-concert-la-bete-et-la-belle\/","og_locale":"en_US","og_type":"article","og_title":"Christmas concerts: Beauty and the Beast - Abbaye de Reigny - Mariage, Wedding, r\u00e9ception, s\u00e9minaire avec h\u00e9bergement en Bourgogne, Burgundy, France","og_description":"Friday, December 13, 4pm Christmas concert: La b\u00eate et la belle, musical tale composed by Romain Dumas: educational session. Saturday, December 14, 4pm Christmas concert: La b\u00eate et la belle, feedback concert following 3 days of work by the artists in residence at Reigny Abbey, followed by a Christmas snack. Photos and videos of the shows","og_url":"https:\/\/www.abbayedereigny.com\/en\/christmas-concert-la-bete-et-la-belle\/","og_site_name":"Abbaye de Reigny - Mariage, Wedding, r\u00e9ception, s\u00e9minaire avec h\u00e9bergement en Bourgogne, Burgundy, France","article_publisher":"https:\/\/www.facebook.com\/abbaye.dereigny","article_published_time":"2024-11-02T16:53:00+00:00","article_modified_time":"2025-09-02T06:49:49+00:00","og_image":[{"width":720,"height":960,"url":"https:\/\/www.abbayedereigny.com\/wp-content\/uploads\/2024\/11\/0c1d1eb44307ee911fde1eaca87f58ad.jpg","type":"image\/jpeg"}],"author":"Assoc. Les Amis de l'Abbaye de Reigny","twitter_card":"summary_large_image","twitter_creator":"@AbbayeDeReigny","twitter_site":"@AbbayeDeReigny","twitter_misc":{"Written by":"Assoc. Les Amis de l'Abbaye de Reigny","Est. reading time":"9 minutes"},"schema":{"@context":"https:\/\/schema.org","@graph":[{"@type":"Article","@id":"https:\/\/www.abbayedereigny.com\/en\/christmas-concert-la-bete-et-la-belle\/#article","isPartOf":{"@id":"https:\/\/www.abbayedereigny.com\/en\/christmas-concert-la-bete-et-la-belle\/"},"author":{"name":"Assoc. Les Amis de l'Abbaye de Reigny","@id":"https:\/\/www.abbayedereigny.com\/en\/#\/schema\/person\/1e0f3d248eb0174774fdef5a910f8b61"},"headline":"Christmas concerts: Beauty and the Beast","datePublished":"2024-11-02T16:53:00+00:00","dateModified":"2025-09-02T06:49:49+00:00","mainEntityOfPage":{"@id":"https:\/\/www.abbayedereigny.com\/en\/christmas-concert-la-bete-et-la-belle\/"},"wordCount":1779,"publisher":{"@id":"https:\/\/www.abbayedereigny.com\/en\/#organization"},"image":{"@id":"https:\/\/www.abbayedereigny.com\/en\/christmas-concert-la-bete-et-la-belle\/#primaryimage"},"thumbnailUrl":"https:\/\/www.abbayedereigny.com\/wp-content\/uploads\/2024\/11\/0c1d1eb44307ee911fde1eaca87f58ad.jpg","keywords":["concert","No\u00ebl"],"articleSection":["Season 2024"],"inLanguage":"en-US"},{"@type":"WebPage","@id":"https:\/\/www.abbayedereigny.com\/en\/christmas-concert-la-bete-et-la-belle\/","url":"https:\/\/www.abbayedereigny.com\/en\/christmas-concert-la-bete-et-la-belle\/","name":"Christmas concerts: Beauty and the Beast - Abbaye de Reigny - Mariage, Wedding, r\u00e9ception, s\u00e9minaire avec h\u00e9bergement en Bourgogne, Burgundy, France","isPartOf":{"@id":"https:\/\/www.abbayedereigny.com\/en\/#website"},"primaryImageOfPage":{"@id":"https:\/\/www.abbayedereigny.com\/en\/christmas-concert-la-bete-et-la-belle\/#primaryimage"},"image":{"@id":"https:\/\/www.abbayedereigny.com\/en\/christmas-concert-la-bete-et-la-belle\/#primaryimage"},"thumbnailUrl":"https:\/\/www.abbayedereigny.com\/wp-content\/uploads\/2024\/11\/0c1d1eb44307ee911fde1eaca87f58ad.jpg","datePublished":"2024-11-02T16:53:00+00:00","dateModified":"2025-09-02T06:49:49+00:00","breadcrumb":{"@id":"https:\/\/www.abbayedereigny.com\/en\/christmas-concert-la-bete-et-la-belle\/#breadcrumb"},"inLanguage":"en-US","potentialAction":[{"@type":"ReadAction","target":["https:\/\/www.abbayedereigny.com\/en\/christmas-concert-la-bete-et-la-belle\/"]}]},{"@type":"ImageObject","inLanguage":"en-US","@id":"https:\/\/www.abbayedereigny.com\/en\/christmas-concert-la-bete-et-la-belle\/#primaryimage","url":"https:\/\/www.abbayedereigny.com\/wp-content\/uploads\/2024\/11\/0c1d1eb44307ee911fde1eaca87f58ad.jpg","contentUrl":"https:\/\/www.abbayedereigny.com\/wp-content\/uploads\/2024\/11\/0c1d1eb44307ee911fde1eaca87f58ad.jpg","width":720,"height":960},{"@type":"BreadcrumbList","@id":"https:\/\/www.abbayedereigny.com\/en\/christmas-concert-la-bete-et-la-belle\/#breadcrumb","itemListElement":[{"@type":"ListItem","position":1,"name":"Accueil","item":"https:\/\/www.abbayedereigny.com\/en\/abbey-of-reigny-2\/"},{"@type":"ListItem","position":2,"name":"Christmas concerts: Beauty and the Beast"}]},{"@type":"WebSite","@id":"https:\/\/www.abbayedereigny.com\/en\/#website","url":"https:\/\/www.abbayedereigny.com\/en\/","name":"Abbaye de Reigny - Mariage, Wedding, r\u00e9ception, s\u00e9minaire avec h\u00e9bergement en Bourgogne, Burgundy, France","description":"Mariage, Wedding, r\u00e9ception s\u00e9minaires, h\u00e9bergement dans l&#039;Yonne, France","publisher":{"@id":"https:\/\/www.abbayedereigny.com\/en\/#organization"},"potentialAction":[{"@type":"SearchAction","target":{"@type":"EntryPoint","urlTemplate":"https:\/\/www.abbayedereigny.com\/en\/?s={search_term_string}"},"query-input":{"@type":"PropertyValueSpecification","valueRequired":true,"valueName":"search_term_string"}}],"inLanguage":"en-US"},{"@type":"Organization","@id":"https:\/\/www.abbayedereigny.com\/en\/#organization","name":"Abbaye de Reigny - Mariage, Wedding, r\u00e9ception, s\u00e9minaire avec h\u00e9bergement en Bourgogne, Burgundy, France","url":"https:\/\/www.abbayedereigny.com\/en\/","logo":{"@type":"ImageObject","inLanguage":"en-US","@id":"https:\/\/www.abbayedereigny.com\/en\/#\/schema\/logo\/image\/","url":"https:\/\/www.abbayedereigny.com\/wp-content\/uploads\/2022\/03\/Abbaye-Reigny-blasontexte.png","contentUrl":"https:\/\/www.abbayedereigny.com\/wp-content\/uploads\/2022\/03\/Abbaye-Reigny-blasontexte.png","width":374,"height":150,"caption":"Abbaye de Reigny - Mariage, Wedding, r\u00e9ception, s\u00e9minaire avec h\u00e9bergement en Bourgogne, Burgundy, France"},"image":{"@id":"https:\/\/www.abbayedereigny.com\/en\/#\/schema\/logo\/image\/"},"sameAs":["https:\/\/www.facebook.com\/abbaye.dereigny","https:\/\/x.com\/AbbayeDeReigny"]},{"@type":"Person","@id":"https:\/\/www.abbayedereigny.com\/en\/#\/schema\/person\/1e0f3d248eb0174774fdef5a910f8b61","name":"Assoc. Les Amis de l'Abbaye de Reigny","image":{"@type":"ImageObject","inLanguage":"en-US","@id":"https:\/\/secure.gravatar.com\/avatar\/0293822d86f859e1a3256ac8f237c733bc03e7f6d233aa19d2f4e5ee27c61c0a?s=96&d=mm&r=g","url":"https:\/\/secure.gravatar.com\/avatar\/0293822d86f859e1a3256ac8f237c733bc03e7f6d233aa19d2f4e5ee27c61c0a?s=96&d=mm&r=g","contentUrl":"https:\/\/secure.gravatar.com\/avatar\/0293822d86f859e1a3256ac8f237c733bc03e7f6d233aa19d2f4e5ee27c61c0a?s=96&d=mm&r=g","caption":"Assoc. Les Amis de l'Abbaye de Reigny"},"url":"https:\/\/www.abbayedereigny.com\/en\/author\/amis-de-abbaye-de-reigny\/"}]}},"jetpack_featured_media_url":"https:\/\/www.abbayedereigny.com\/wp-content\/uploads\/2024\/11\/0c1d1eb44307ee911fde1eaca87f58ad.jpg","jetpack_sharing_enabled":true,"_links":{"self":[{"href":"https:\/\/www.abbayedereigny.com\/en\/wp-json\/wp\/v2\/posts\/2847","targetHints":{"allow":["GET"]}}],"collection":[{"href":"https:\/\/www.abbayedereigny.com\/en\/wp-json\/wp\/v2\/posts"}],"about":[{"href":"https:\/\/www.abbayedereigny.com\/en\/wp-json\/wp\/v2\/types\/post"}],"author":[{"embeddable":true,"href":"https:\/\/www.abbayedereigny.com\/en\/wp-json\/wp\/v2\/users\/4"}],"replies":[{"embeddable":true,"href":"https:\/\/www.abbayedereigny.com\/en\/wp-json\/wp\/v2\/comments?post=2847"}],"version-history":[{"count":67,"href":"https:\/\/www.abbayedereigny.com\/en\/wp-json\/wp\/v2\/posts\/2847\/revisions"}],"predecessor-version":[{"id":3832,"href":"https:\/\/www.abbayedereigny.com\/en\/wp-json\/wp\/v2\/posts\/2847\/revisions\/3832"}],"wp:featuredmedia":[{"embeddable":true,"href":"https:\/\/www.abbayedereigny.com\/en\/wp-json\/wp\/v2\/media\/3017"}],"wp:attachment":[{"href":"https:\/\/www.abbayedereigny.com\/en\/wp-json\/wp\/v2\/media?parent=2847"}],"wp:term":[{"taxonomy":"category","embeddable":true,"href":"https:\/\/www.abbayedereigny.com\/en\/wp-json\/wp\/v2\/categories?post=2847"},{"taxonomy":"post_tag","embeddable":true,"href":"https:\/\/www.abbayedereigny.com\/en\/wp-json\/wp\/v2\/tags?post=2847"}],"curies":[{"name":"wp","href":"https:\/\/api.w.org\/{rel}","templated":true}]}}