{"id":3210,"date":"2025-05-15T15:31:19","date_gmt":"2025-05-15T13:31:19","guid":{"rendered":"https:\/\/www.abbayedereigny.com\/3210\/"},"modified":"2025-09-26T09:44:57","modified_gmt":"2025-09-26T07:44:57","slug":"3210","status":"publish","type":"post","link":"https:\/\/www.abbayedereigny.com\/en\/3210\/","title":{"rendered":"17th edition of &#8220;Jazz sous les tilleuls&#8221; 2025"},"content":{"rendered":"<p>[et_pb_section fb_built=&#8221;1&#8243; _builder_version=&#8221;4.27.4&#8243; _module_preset=&#8221;default&#8221; background_color=&#8221;#FFFFFF&#8221; use_background_color_gradient=&#8221;on&#8221; background_color_gradient_stops=&#8221;rgba(190,168,143,0.38) 1%|rgba(255,255,255,0) 99%&#8221; custom_padding=&#8221;8px|||||&#8221; global_colors_info=&#8221;{}&#8221;][et_pb_row use_custom_gutter=&#8221;on&#8221; gutter_width=&#8221;2&#8243; admin_label=&#8221;Line&#8221; _builder_version=&#8221;4.25.2&#8243; _module_preset=&#8221;default&#8221; custom_padding=&#8221;||4px|||&#8221; global_colors_info=&#8221;{}&#8221;][et_pb_column type=&#8221;4_4&#8243; admin_label=&#8221;Column&#8221; _builder_version=&#8221;4.17.4&#8243; _module_preset=&#8221;default&#8221; global_colors_info=&#8221;{}&#8221;][et_pb_text admin_label=&#8221;Texte&#8221; _builder_version=&#8221;4.27.4&#8243; _module_preset=&#8221;default&#8221; header_font=&#8221;Abhaya Libre||||||||&#8221; header_text_align=&#8221;center&#8221; header_text_color=&#8221;#000000&#8243; header_font_size=&#8221;50px&#8221; header_line_height=&#8221;1.6em&#8221; header_font_size_tablet=&#8221;50px&#8221; header_font_size_phone=&#8221;50px&#8221; header_font_size_last_edited=&#8221;on|phone&#8221; global_colors_info=&#8221;{}&#8221; header_line_height__hover_enabled=&#8221;on|desktop&#8221; header_line_height__hover=&#8221;1.6em&#8221;]<\/p>\n<h1>Jazz concert under the lime trees<\/h1>\n<p>[\/et_pb_text][\/et_pb_column][\/et_pb_row][et_pb_row _builder_version=&#8221;4.27.4&#8243; _module_preset=&#8221;default&#8221;][et_pb_column _builder_version=&#8221;4.27.4&#8243; _module_preset=&#8221;default&#8221; type=&#8221;4_4&#8243;][et_pb_image src=&#8221;https:\/\/www.abbayedereigny.com\/wp-content\/uploads\/2025\/09\/AFFICHE-A4v3-27-juin2025-textes-vectorises.png&#8221; _builder_version=&#8221;4.27.4&#8243; _module_preset=&#8221;default&#8221; alt=&#8221;Jazz concert under the lime trees: Swing Kings Jean-Pierre Bertrand (piano) Didier Desbois (vocals and alto sax) Nicolas Peslier (guitar)&#8221; title_text=&#8221;Jazz concert under the lime trees: Swing Kings Jean-Pierre Bertrand (piano) Didier Desbois (vocals and alto sax) Nicolas Peslier (guitar)&#8221; hover_enabled=&#8221;0&#8243; sticky_enabled=&#8221;0&#8243;][\/et_pb_image][\/et_pb_column][\/et_pb_row][et_pb_row column_structure=&#8221;1_2,1_2&#8243; use_custom_gutter=&#8221;on&#8221; gutter_width=&#8221;2&#8243; admin_label=&#8221;Line&#8221; _builder_version=&#8221;4.25.2&#8243; _module_preset=&#8221;default&#8221; custom_padding=&#8221;||4px|||&#8221; global_colors_info=&#8221;{}&#8221;][et_pb_column type=&#8221;1_2&#8243; admin_label=&#8221;Column&#8221; _builder_version=&#8221;4.17.4&#8243; _module_preset=&#8221;default&#8221; global_colors_info=&#8221;{}&#8221;][et_pb_text admin_label=&#8221;Texte&#8221; _builder_version=&#8221;4.27.4&#8243; _module_preset=&#8221;default&#8221; header_line_height=&#8221;1.3em&#8221; header_2_text_align=&#8221;center&#8221; header_2_line_height=&#8221;1.5em&#8221; custom_margin=&#8221;46px|||||&#8221; global_colors_info=&#8221;{}&#8221;]<\/p>\n<h2>Reigny Abbey (Yonne)<\/h2>\n<h2>17th edition<\/h2>\n<h2>Sunday, July 27<br \/>from 5:00 p.m. to 8:00 p.m.<\/h2>\n<p>[\/et_pb_text][\/et_pb_column][et_pb_column type=&#8221;1_2&#8243; admin_label=&#8221;Column&#8221; _builder_version=&#8221;4.17.4&#8243; _module_preset=&#8221;default&#8221; global_colors_info=&#8221;{}&#8221;][et_pb_text admin_label=&#8221;Texte&#8221; _builder_version=&#8221;4.27.4&#8243; _module_preset=&#8221;default&#8221; header_line_height=&#8221;1.3em&#8221; header_2_text_align=&#8221;center&#8221; header_2_line_height=&#8221;1.5em&#8221; header_3_text_align=&#8221;center&#8221; custom_margin=&#8221;46px|||||&#8221; global_colors_info=&#8221;{}&#8221;]<\/p>\n<h2><strong>Performed by the Swing Kings trio:<\/strong><\/h2>\n<h3>Jean-Pierre Bertrand (piano)<\/h3>\n<h3>Didier Desbois (vocals and alto sax)<\/h3>\n<h3>Nicolas Peslier (guitar)<\/h3>\n<p>[\/et_pb_text][\/et_pb_column][\/et_pb_row][et_pb_row column_structure=&#8221;1_3,1_3,1_3&#8243; _builder_version=&#8221;4.27.0&#8243; _module_preset=&#8221;default&#8221; global_colors_info=&#8221;{}&#8221;][et_pb_column type=&#8221;1_3&#8243; _builder_version=&#8221;4.27.0&#8243; _module_preset=&#8221;default&#8221; global_colors_info=&#8221;{}&#8221;][et_pb_image src=&#8221;https:\/\/www.abbayedereigny.com\/wp-content\/uploads\/2024\/07\/JP-Bertrand.jpg&#8221; alt=&#8221;Jean Pierre Bertrand&#8221; title_text=&#8221;Jean Pierre Bertrand&#8221; _builder_version=&#8221;4.27.0&#8243; _module_preset=&#8221;default&#8221; box_shadow_style=&#8221;preset3&#8243; global_colors_info=&#8221;{}&#8221;][\/et_pb_image][et_pb_text _builder_version=&#8221;4.27.0&#8243; _module_preset=&#8221;default&#8221; header_3_text_align=&#8221;center&#8221; global_colors_info=&#8221;{}&#8221;]<\/p>\n<h3>Jean-Pierre Bertrand <br \/>(piano)<\/h3>\n<p>[\/et_pb_text][\/et_pb_column][et_pb_column type=&#8221;1_3&#8243; _builder_version=&#8221;4.27.0&#8243; _module_preset=&#8221;default&#8221; global_colors_info=&#8221;{}&#8221;][et_pb_image src=&#8221;https:\/\/www.abbayedereigny.com\/wp-content\/uploads\/2024\/07\/Didier-Desbois.jpg&#8221; alt=&#8221;Didier Desbois&#8221; title_text=&#8221;Didier Desbois&#8221; _builder_version=&#8221;4.27.0&#8243; _module_preset=&#8221;default&#8221; box_shadow_style=&#8221;preset3&#8243; global_colors_info=&#8221;{}&#8221;][\/et_pb_image][et_pb_text admin_label=&#8221;Texte&#8221; _builder_version=&#8221;4.27.0&#8243; _module_preset=&#8221;default&#8221; header_3_text_align=&#8221;center&#8221; global_colors_info=&#8221;{}&#8221;]<\/p>\n<h3>Didier Desbois <br \/>(vocals and alto sax)<\/h3>\n<p>[\/et_pb_text][\/et_pb_column][et_pb_column type=&#8221;1_3&#8243; _builder_version=&#8221;4.27.0&#8243; _module_preset=&#8221;default&#8221; global_colors_info=&#8221;{}&#8221;][et_pb_image src=&#8221;https:\/\/www.abbayedereigny.com\/wp-content\/uploads\/2024\/07\/Nicolas-Peslier.jpg&#8221; alt=&#8221;Nicolas Peslier&#8221; title_text=&#8221;Nicolas Peslier&#8221; _builder_version=&#8221;4.27.0&#8243; _module_preset=&#8221;default&#8221; box_shadow_style=&#8221;preset3&#8243; global_colors_info=&#8221;{}&#8221;][\/et_pb_image][et_pb_text admin_label=&#8221;Texte&#8221; _builder_version=&#8221;4.27.0&#8243; _module_preset=&#8221;default&#8221; header_3_text_align=&#8221;center&#8221; global_colors_info=&#8221;{}&#8221;]<\/p>\n<h3>Nicolas Peslier <br \/>(guitar)<\/h3>\n<p>[\/et_pb_text][\/et_pb_column][\/et_pb_row][et_pb_row column_structure=&#8221;2_5,3_5&#8243; use_custom_gutter=&#8221;on&#8221; gutter_width=&#8221;2&#8243; admin_label=&#8221;Line&#8221; _builder_version=&#8221;4.27.4&#8243; _module_preset=&#8221;default&#8221; global_colors_info=&#8221;{}&#8221;][et_pb_column type=&#8221;2_5&#8243; admin_label=&#8221;Column&#8221; _builder_version=&#8221;4.27.4&#8243; _module_preset=&#8221;default&#8221; global_colors_info=&#8221;{}&#8221;][et_pb_text admin_label=&#8221;Texte&#8221; _builder_version=&#8221;4.27.4&#8243; _module_preset=&#8221;default&#8221; ul_font=&#8221;|700|||||||&#8221; ul_font_size=&#8221;16px&#8221; global_colors_info=&#8221;{}&#8221;]<\/p>\n<div class=\"xyamay9 x1pi30zi xsag5q8 x1swvt13\">\n<div class=\"xyinxu5 x4uap5 x1g2khh7 xkhd6sd\"><strong>Rates :<\/strong><\/div>\n<ul>\n<li class=\"xyinxu5 x4uap5 x1g2khh7 xkhd6sd\">25 \u20ac non-member<\/li>\n<li class=\"xyinxu5 x4uap5 x1g2khh7 xkhd6sd\">20 \u20ac member<\/li>\n<\/ul>\n<\/div>\n<p>[\/et_pb_text][\/et_pb_column][et_pb_column type=&#8221;3_5&#8243; admin_label=&#8221;Column&#8221; _builder_version=&#8221;4.27.4&#8243; _module_preset=&#8221;default&#8221; global_colors_info=&#8221;{}&#8221;][et_pb_button button_url=&#8221;https:\/\/www.helloasso.com\/associations\/association-des-amis-de-l-abbaye-de-reigny\/evenements\/jazz-sous-les-tilleuls-2025&#8243; url_new_window=&#8221;on&#8221; button_text=&#8221;I reserve&#8221; button_alignment=&#8221;center&#8221; _builder_version=&#8221;4.27.4&#8243; _module_preset=&#8221;default&#8221; custom_button=&#8221;on&#8221; button_text_size=&#8221;24px&#8221; global_colors_info=&#8221;{}&#8221;][\/et_pb_button][\/et_pb_column][\/et_pb_row][et_pb_row _builder_version=&#8221;4.27.4&#8243; _module_preset=&#8221;default&#8221; global_colors_info=&#8221;{}&#8221;][et_pb_column type=&#8221;4_4&#8243; _builder_version=&#8221;4.27.4&#8243; _module_preset=&#8221;default&#8221; global_colors_info=&#8221;{}&#8221;][et_pb_button button_url=&#8221;https:\/\/www.abbayedereigny.com\/wp-content\/uploads\/2025\/06\/AFFICHE-A4v3-27-juin2025-textes-vectorises.pdf&#8221; button_text=&#8221;Download A4 poster with cut lines&#8221; _builder_version=&#8221;4.27.4&#8243; _module_preset=&#8221;default&#8221; global_colors_info=&#8221;{}&#8221;][\/et_pb_button][et_pb_button button_url=&#8221;https:\/\/www.abbayedereigny.com\/wp-content\/uploads\/2025\/06\/AFFICHE-A4v3-27-juin2025-textes-vectorises-1.pdf&#8221; button_text=&#8221;Download A4 poster without cut line&#8221; _builder_version=&#8221;4.27.4&#8243; _module_preset=&#8221;default&#8221; global_colors_info=&#8221;{}&#8221;][\/et_pb_button][\/et_pb_column][\/et_pb_row][\/et_pb_section]<\/p>\n","protected":false},"excerpt":{"rendered":"<p>Sunday July 27 at 5:00 pm<br \/>\n17th edition of &#8220;Jazz sous les tilleuls&#8221; by the trio Les swing Kings with Jean-Pierre Bertrand (piano), Nicolas Peslier (guitar) and Didier Desbois (alto sax and vocals).<\/p>\n","protected":false},"author":2,"featured_media":2824,"comment_status":"closed","ping_status":"closed","sticky":false,"template":"","format":"standard","meta":{"_et_pb_use_builder":"on","_et_pb_old_content":"","_et_gb_content_width":"","_jetpack_memberships_contains_paid_content":false,"footnotes":""},"categories":[69],"tags":[44,65,62,64,63],"class_list":["post-3210","post","type-post","status-publish","format-standard","has-post-thumbnail","hentry","category-season-2025","tag-concert-en","tag-didier-desbois-en","tag-jazz-en","tag-jean-pierre-bertrand-en","tag-nicolas-peslier-en"],"yoast_head":"<!-- This site is optimized with the Yoast SEO plugin v27.4 - https:\/\/yoast.com\/product\/yoast-seo-wordpress\/ -->\n<title>17th edition of &quot;Jazz sous les tilleuls&quot; 2025 - Abbaye de Reigny - Mariage, Wedding, r\u00e9ception, s\u00e9minaire avec h\u00e9bergement en Bourgogne, Burgundy, France<\/title>\n<meta name=\"robots\" content=\"index, follow, max-snippet:-1, max-image-preview:large, max-video-preview:-1\" \/>\n<link rel=\"canonical\" href=\"https:\/\/www.abbayedereigny.com\/en\/3210\/\" \/>\n<meta property=\"og:locale\" content=\"en_US\" \/>\n<meta property=\"og:type\" content=\"article\" \/>\n<meta property=\"og:title\" content=\"17th edition of &quot;Jazz sous les tilleuls&quot; 2025 - Abbaye de Reigny - Mariage, Wedding, r\u00e9ception, s\u00e9minaire avec h\u00e9bergement en Bourgogne, Burgundy, France\" \/>\n<meta property=\"og:description\" content=\"Sunday July 27 at 5:00 pm 17th edition of &quot;Jazz sous les tilleuls&quot; by the trio Les swing Kings with Jean-Pierre Bertrand (piano), Nicolas Peslier (guitar) and Didier Desbois (alto sax and vocals).\" \/>\n<meta property=\"og:url\" content=\"https:\/\/www.abbayedereigny.com\/en\/3210\/\" \/>\n<meta property=\"og:site_name\" content=\"Abbaye de Reigny - Mariage, Wedding, r\u00e9ception, s\u00e9minaire avec h\u00e9bergement en Bourgogne, Burgundy, France\" \/>\n<meta property=\"article:publisher\" content=\"https:\/\/www.facebook.com\/abbaye.dereigny\" \/>\n<meta property=\"article:published_time\" content=\"2025-05-15T13:31:19+00:00\" \/>\n<meta property=\"article:modified_time\" content=\"2025-09-26T07:44:57+00:00\" \/>\n<meta property=\"og:image\" content=\"https:\/\/www.abbayedereigny.com\/wp-content\/uploads\/2024\/07\/annonce.png\" \/>\n\t<meta property=\"og:image:width\" content=\"1366\" \/>\n\t<meta property=\"og:image:height\" content=\"768\" \/>\n\t<meta property=\"og:image:type\" content=\"image\/png\" \/>\n<meta name=\"author\" content=\"bernerd.com\" \/>\n<meta name=\"twitter:card\" content=\"summary_large_image\" \/>\n<meta name=\"twitter:creator\" content=\"@AbbayeDeReigny\" \/>\n<meta name=\"twitter:site\" content=\"@AbbayeDeReigny\" \/>\n<meta name=\"twitter:label1\" content=\"Written by\" \/>\n\t<meta name=\"twitter:data1\" content=\"bernerd.com\" \/>\n\t<meta name=\"twitter:label2\" content=\"Est. reading time\" \/>\n\t<meta name=\"twitter:data2\" content=\"4 minutes\" \/>\n<script type=\"application\/ld+json\" class=\"yoast-schema-graph\">{\"@context\":\"https:\\\/\\\/schema.org\",\"@graph\":[{\"@type\":\"Article\",\"@id\":\"https:\\\/\\\/www.abbayedereigny.com\\\/en\\\/3210\\\/#article\",\"isPartOf\":{\"@id\":\"https:\\\/\\\/www.abbayedereigny.com\\\/en\\\/3210\\\/\"},\"author\":{\"name\":\"bernerd.com\",\"@id\":\"https:\\\/\\\/www.abbayedereigny.com\\\/en\\\/#\\\/schema\\\/person\\\/a0832906660a0af36164983983bd1e87\"},\"headline\":\"17th edition of &#8220;Jazz sous les tilleuls&#8221; 2025\",\"datePublished\":\"2025-05-15T13:31:19+00:00\",\"dateModified\":\"2025-09-26T07:44:57+00:00\",\"mainEntityOfPage\":{\"@id\":\"https:\\\/\\\/www.abbayedereigny.com\\\/en\\\/3210\\\/\"},\"wordCount\":879,\"publisher\":{\"@id\":\"https:\\\/\\\/www.abbayedereigny.com\\\/en\\\/#organization\"},\"image\":{\"@id\":\"https:\\\/\\\/www.abbayedereigny.com\\\/en\\\/3210\\\/#primaryimage\"},\"thumbnailUrl\":\"https:\\\/\\\/www.abbayedereigny.com\\\/wp-content\\\/uploads\\\/2024\\\/07\\\/annonce.png\",\"keywords\":[\"concert\",\"didier Desbois\",\"jazz\",\"jean pierre Bertrand\",\"Nicolas Peslier\"],\"articleSection\":[\"Season 2025\"],\"inLanguage\":\"en-US\"},{\"@type\":\"WebPage\",\"@id\":\"https:\\\/\\\/www.abbayedereigny.com\\\/en\\\/3210\\\/\",\"url\":\"https:\\\/\\\/www.abbayedereigny.com\\\/en\\\/3210\\\/\",\"name\":\"17th edition of \\\"Jazz sous les tilleuls\\\" 2025 - Abbaye de Reigny - Mariage, Wedding, r\u00e9ception, s\u00e9minaire avec h\u00e9bergement en Bourgogne, Burgundy, France\",\"isPartOf\":{\"@id\":\"https:\\\/\\\/www.abbayedereigny.com\\\/en\\\/#website\"},\"primaryImageOfPage\":{\"@id\":\"https:\\\/\\\/www.abbayedereigny.com\\\/en\\\/3210\\\/#primaryimage\"},\"image\":{\"@id\":\"https:\\\/\\\/www.abbayedereigny.com\\\/en\\\/3210\\\/#primaryimage\"},\"thumbnailUrl\":\"https:\\\/\\\/www.abbayedereigny.com\\\/wp-content\\\/uploads\\\/2024\\\/07\\\/annonce.png\",\"datePublished\":\"2025-05-15T13:31:19+00:00\",\"dateModified\":\"2025-09-26T07:44:57+00:00\",\"breadcrumb\":{\"@id\":\"https:\\\/\\\/www.abbayedereigny.com\\\/en\\\/3210\\\/#breadcrumb\"},\"inLanguage\":\"en-US\",\"potentialAction\":[{\"@type\":\"ReadAction\",\"target\":[\"https:\\\/\\\/www.abbayedereigny.com\\\/en\\\/3210\\\/\"]}]},{\"@type\":\"ImageObject\",\"inLanguage\":\"en-US\",\"@id\":\"https:\\\/\\\/www.abbayedereigny.com\\\/en\\\/3210\\\/#primaryimage\",\"url\":\"https:\\\/\\\/www.abbayedereigny.com\\\/wp-content\\\/uploads\\\/2024\\\/07\\\/annonce.png\",\"contentUrl\":\"https:\\\/\\\/www.abbayedereigny.com\\\/wp-content\\\/uploads\\\/2024\\\/07\\\/annonce.png\",\"width\":1366,\"height\":768,\"caption\":\"Trio Swing Kings Jazz sous les tilleuls\"},{\"@type\":\"BreadcrumbList\",\"@id\":\"https:\\\/\\\/www.abbayedereigny.com\\\/en\\\/3210\\\/#breadcrumb\",\"itemListElement\":[{\"@type\":\"ListItem\",\"position\":1,\"name\":\"Accueil\",\"item\":\"https:\\\/\\\/www.abbayedereigny.com\\\/en\\\/abbey-of-reigny-2\\\/\"},{\"@type\":\"ListItem\",\"position\":2,\"name\":\"17th edition of \u00ab\u00a0Jazz sous les tilleuls\u00a0\u00bb 2025\"}]},{\"@type\":\"WebSite\",\"@id\":\"https:\\\/\\\/www.abbayedereigny.com\\\/en\\\/#website\",\"url\":\"https:\\\/\\\/www.abbayedereigny.com\\\/en\\\/\",\"name\":\"Abbaye de Reigny - Mariage, Wedding, r\u00e9ception, s\u00e9minaire avec h\u00e9bergement en Bourgogne, Burgundy, France\",\"description\":\"Mariage, Wedding, r\u00e9ception s\u00e9minaires, h\u00e9bergement dans l&#039;Yonne, France\",\"publisher\":{\"@id\":\"https:\\\/\\\/www.abbayedereigny.com\\\/en\\\/#organization\"},\"potentialAction\":[{\"@type\":\"SearchAction\",\"target\":{\"@type\":\"EntryPoint\",\"urlTemplate\":\"https:\\\/\\\/www.abbayedereigny.com\\\/en\\\/?s={search_term_string}\"},\"query-input\":{\"@type\":\"PropertyValueSpecification\",\"valueRequired\":true,\"valueName\":\"search_term_string\"}}],\"inLanguage\":\"en-US\"},{\"@type\":\"Organization\",\"@id\":\"https:\\\/\\\/www.abbayedereigny.com\\\/en\\\/#organization\",\"name\":\"Abbaye de Reigny - Mariage, Wedding, r\u00e9ception, s\u00e9minaire avec h\u00e9bergement en Bourgogne, Burgundy, France\",\"url\":\"https:\\\/\\\/www.abbayedereigny.com\\\/en\\\/\",\"logo\":{\"@type\":\"ImageObject\",\"inLanguage\":\"en-US\",\"@id\":\"https:\\\/\\\/www.abbayedereigny.com\\\/en\\\/#\\\/schema\\\/logo\\\/image\\\/\",\"url\":\"https:\\\/\\\/www.abbayedereigny.com\\\/wp-content\\\/uploads\\\/2022\\\/03\\\/Abbaye-Reigny-blasontexte.png\",\"contentUrl\":\"https:\\\/\\\/www.abbayedereigny.com\\\/wp-content\\\/uploads\\\/2022\\\/03\\\/Abbaye-Reigny-blasontexte.png\",\"width\":374,\"height\":150,\"caption\":\"Abbaye de Reigny - Mariage, Wedding, r\u00e9ception, s\u00e9minaire avec h\u00e9bergement en Bourgogne, Burgundy, France\"},\"image\":{\"@id\":\"https:\\\/\\\/www.abbayedereigny.com\\\/en\\\/#\\\/schema\\\/logo\\\/image\\\/\"},\"sameAs\":[\"https:\\\/\\\/www.facebook.com\\\/abbaye.dereigny\",\"https:\\\/\\\/x.com\\\/AbbayeDeReigny\"]},{\"@type\":\"Person\",\"@id\":\"https:\\\/\\\/www.abbayedereigny.com\\\/en\\\/#\\\/schema\\\/person\\\/a0832906660a0af36164983983bd1e87\",\"name\":\"bernerd.com\",\"image\":{\"@type\":\"ImageObject\",\"inLanguage\":\"en-US\",\"@id\":\"https:\\\/\\\/secure.gravatar.com\\\/avatar\\\/28c19f08f2eb99e6c0196f1234b0cd03f18d918dc4b0813965c3e92211f1ccf9?s=96&d=mm&r=g\",\"url\":\"https:\\\/\\\/secure.gravatar.com\\\/avatar\\\/28c19f08f2eb99e6c0196f1234b0cd03f18d918dc4b0813965c3e92211f1ccf9?s=96&d=mm&r=g\",\"contentUrl\":\"https:\\\/\\\/secure.gravatar.com\\\/avatar\\\/28c19f08f2eb99e6c0196f1234b0cd03f18d918dc4b0813965c3e92211f1ccf9?s=96&d=mm&r=g\",\"caption\":\"bernerd.com\"},\"url\":\"https:\\\/\\\/www.abbayedereigny.com\\\/en\\\/author\\\/fbernerd\\\/\"}]}<\/script>\n<!-- \/ Yoast SEO plugin. -->","yoast_head_json":{"title":"17th edition of \"Jazz sous les tilleuls\" 2025 - Abbaye de Reigny - Mariage, Wedding, r\u00e9ception, s\u00e9minaire avec h\u00e9bergement en Bourgogne, Burgundy, France","robots":{"index":"index","follow":"follow","max-snippet":"max-snippet:-1","max-image-preview":"max-image-preview:large","max-video-preview":"max-video-preview:-1"},"canonical":"https:\/\/www.abbayedereigny.com\/en\/3210\/","og_locale":"en_US","og_type":"article","og_title":"17th edition of \"Jazz sous les tilleuls\" 2025 - Abbaye de Reigny - Mariage, Wedding, r\u00e9ception, s\u00e9minaire avec h\u00e9bergement en Bourgogne, Burgundy, France","og_description":"Sunday July 27 at 5:00 pm 17th edition of \"Jazz sous les tilleuls\" by the trio Les swing Kings with Jean-Pierre Bertrand (piano), Nicolas Peslier (guitar) and Didier Desbois (alto sax and vocals).","og_url":"https:\/\/www.abbayedereigny.com\/en\/3210\/","og_site_name":"Abbaye de Reigny - Mariage, Wedding, r\u00e9ception, s\u00e9minaire avec h\u00e9bergement en Bourgogne, Burgundy, France","article_publisher":"https:\/\/www.facebook.com\/abbaye.dereigny","article_published_time":"2025-05-15T13:31:19+00:00","article_modified_time":"2025-09-26T07:44:57+00:00","og_image":[{"width":1366,"height":768,"url":"https:\/\/www.abbayedereigny.com\/wp-content\/uploads\/2024\/07\/annonce.png","type":"image\/png"}],"author":"bernerd.com","twitter_card":"summary_large_image","twitter_creator":"@AbbayeDeReigny","twitter_site":"@AbbayeDeReigny","twitter_misc":{"Written by":"bernerd.com","Est. reading time":"4 minutes"},"schema":{"@context":"https:\/\/schema.org","@graph":[{"@type":"Article","@id":"https:\/\/www.abbayedereigny.com\/en\/3210\/#article","isPartOf":{"@id":"https:\/\/www.abbayedereigny.com\/en\/3210\/"},"author":{"name":"bernerd.com","@id":"https:\/\/www.abbayedereigny.com\/en\/#\/schema\/person\/a0832906660a0af36164983983bd1e87"},"headline":"17th edition of &#8220;Jazz sous les tilleuls&#8221; 2025","datePublished":"2025-05-15T13:31:19+00:00","dateModified":"2025-09-26T07:44:57+00:00","mainEntityOfPage":{"@id":"https:\/\/www.abbayedereigny.com\/en\/3210\/"},"wordCount":879,"publisher":{"@id":"https:\/\/www.abbayedereigny.com\/en\/#organization"},"image":{"@id":"https:\/\/www.abbayedereigny.com\/en\/3210\/#primaryimage"},"thumbnailUrl":"https:\/\/www.abbayedereigny.com\/wp-content\/uploads\/2024\/07\/annonce.png","keywords":["concert","didier Desbois","jazz","jean pierre Bertrand","Nicolas Peslier"],"articleSection":["Season 2025"],"inLanguage":"en-US"},{"@type":"WebPage","@id":"https:\/\/www.abbayedereigny.com\/en\/3210\/","url":"https:\/\/www.abbayedereigny.com\/en\/3210\/","name":"17th edition of \"Jazz sous les tilleuls\" 2025 - Abbaye de Reigny - Mariage, Wedding, r\u00e9ception, s\u00e9minaire avec h\u00e9bergement en Bourgogne, Burgundy, France","isPartOf":{"@id":"https:\/\/www.abbayedereigny.com\/en\/#website"},"primaryImageOfPage":{"@id":"https:\/\/www.abbayedereigny.com\/en\/3210\/#primaryimage"},"image":{"@id":"https:\/\/www.abbayedereigny.com\/en\/3210\/#primaryimage"},"thumbnailUrl":"https:\/\/www.abbayedereigny.com\/wp-content\/uploads\/2024\/07\/annonce.png","datePublished":"2025-05-15T13:31:19+00:00","dateModified":"2025-09-26T07:44:57+00:00","breadcrumb":{"@id":"https:\/\/www.abbayedereigny.com\/en\/3210\/#breadcrumb"},"inLanguage":"en-US","potentialAction":[{"@type":"ReadAction","target":["https:\/\/www.abbayedereigny.com\/en\/3210\/"]}]},{"@type":"ImageObject","inLanguage":"en-US","@id":"https:\/\/www.abbayedereigny.com\/en\/3210\/#primaryimage","url":"https:\/\/www.abbayedereigny.com\/wp-content\/uploads\/2024\/07\/annonce.png","contentUrl":"https:\/\/www.abbayedereigny.com\/wp-content\/uploads\/2024\/07\/annonce.png","width":1366,"height":768,"caption":"Trio Swing Kings Jazz sous les tilleuls"},{"@type":"BreadcrumbList","@id":"https:\/\/www.abbayedereigny.com\/en\/3210\/#breadcrumb","itemListElement":[{"@type":"ListItem","position":1,"name":"Accueil","item":"https:\/\/www.abbayedereigny.com\/en\/abbey-of-reigny-2\/"},{"@type":"ListItem","position":2,"name":"17th edition of \u00ab\u00a0Jazz sous les tilleuls\u00a0\u00bb 2025"}]},{"@type":"WebSite","@id":"https:\/\/www.abbayedereigny.com\/en\/#website","url":"https:\/\/www.abbayedereigny.com\/en\/","name":"Abbaye de Reigny - Mariage, Wedding, r\u00e9ception, s\u00e9minaire avec h\u00e9bergement en Bourgogne, Burgundy, France","description":"Mariage, Wedding, r\u00e9ception s\u00e9minaires, h\u00e9bergement dans l&#039;Yonne, France","publisher":{"@id":"https:\/\/www.abbayedereigny.com\/en\/#organization"},"potentialAction":[{"@type":"SearchAction","target":{"@type":"EntryPoint","urlTemplate":"https:\/\/www.abbayedereigny.com\/en\/?s={search_term_string}"},"query-input":{"@type":"PropertyValueSpecification","valueRequired":true,"valueName":"search_term_string"}}],"inLanguage":"en-US"},{"@type":"Organization","@id":"https:\/\/www.abbayedereigny.com\/en\/#organization","name":"Abbaye de Reigny - Mariage, Wedding, r\u00e9ception, s\u00e9minaire avec h\u00e9bergement en Bourgogne, Burgundy, France","url":"https:\/\/www.abbayedereigny.com\/en\/","logo":{"@type":"ImageObject","inLanguage":"en-US","@id":"https:\/\/www.abbayedereigny.com\/en\/#\/schema\/logo\/image\/","url":"https:\/\/www.abbayedereigny.com\/wp-content\/uploads\/2022\/03\/Abbaye-Reigny-blasontexte.png","contentUrl":"https:\/\/www.abbayedereigny.com\/wp-content\/uploads\/2022\/03\/Abbaye-Reigny-blasontexte.png","width":374,"height":150,"caption":"Abbaye de Reigny - Mariage, Wedding, r\u00e9ception, s\u00e9minaire avec h\u00e9bergement en Bourgogne, Burgundy, France"},"image":{"@id":"https:\/\/www.abbayedereigny.com\/en\/#\/schema\/logo\/image\/"},"sameAs":["https:\/\/www.facebook.com\/abbaye.dereigny","https:\/\/x.com\/AbbayeDeReigny"]},{"@type":"Person","@id":"https:\/\/www.abbayedereigny.com\/en\/#\/schema\/person\/a0832906660a0af36164983983bd1e87","name":"bernerd.com","image":{"@type":"ImageObject","inLanguage":"en-US","@id":"https:\/\/secure.gravatar.com\/avatar\/28c19f08f2eb99e6c0196f1234b0cd03f18d918dc4b0813965c3e92211f1ccf9?s=96&d=mm&r=g","url":"https:\/\/secure.gravatar.com\/avatar\/28c19f08f2eb99e6c0196f1234b0cd03f18d918dc4b0813965c3e92211f1ccf9?s=96&d=mm&r=g","contentUrl":"https:\/\/secure.gravatar.com\/avatar\/28c19f08f2eb99e6c0196f1234b0cd03f18d918dc4b0813965c3e92211f1ccf9?s=96&d=mm&r=g","caption":"bernerd.com"},"url":"https:\/\/www.abbayedereigny.com\/en\/author\/fbernerd\/"}]}},"jetpack_featured_media_url":"https:\/\/www.abbayedereigny.com\/wp-content\/uploads\/2024\/07\/annonce.png","jetpack_sharing_enabled":true,"_links":{"self":[{"href":"https:\/\/www.abbayedereigny.com\/en\/wp-json\/wp\/v2\/posts\/3210","targetHints":{"allow":["GET"]}}],"collection":[{"href":"https:\/\/www.abbayedereigny.com\/en\/wp-json\/wp\/v2\/posts"}],"about":[{"href":"https:\/\/www.abbayedereigny.com\/en\/wp-json\/wp\/v2\/types\/post"}],"author":[{"embeddable":true,"href":"https:\/\/www.abbayedereigny.com\/en\/wp-json\/wp\/v2\/users\/2"}],"replies":[{"embeddable":true,"href":"https:\/\/www.abbayedereigny.com\/en\/wp-json\/wp\/v2\/comments?post=3210"}],"version-history":[{"count":50,"href":"https:\/\/www.abbayedereigny.com\/en\/wp-json\/wp\/v2\/posts\/3210\/revisions"}],"predecessor-version":[{"id":3889,"href":"https:\/\/www.abbayedereigny.com\/en\/wp-json\/wp\/v2\/posts\/3210\/revisions\/3889"}],"wp:featuredmedia":[{"embeddable":true,"href":"https:\/\/www.abbayedereigny.com\/en\/wp-json\/wp\/v2\/media\/2824"}],"wp:attachment":[{"href":"https:\/\/www.abbayedereigny.com\/en\/wp-json\/wp\/v2\/media?parent=3210"}],"wp:term":[{"taxonomy":"category","embeddable":true,"href":"https:\/\/www.abbayedereigny.com\/en\/wp-json\/wp\/v2\/categories?post=3210"},{"taxonomy":"post_tag","embeddable":true,"href":"https:\/\/www.abbayedereigny.com\/en\/wp-json\/wp\/v2\/tags?post=3210"}],"curies":[{"name":"wp","href":"https:\/\/api.w.org\/{rel}","templated":true}]}}