{"id":3492,"date":"2025-09-01T08:30:15","date_gmt":"2025-09-01T06:30:15","guid":{"rendered":"https:\/\/www.abbayedereigny.com\/piano-concert-by-alexandre-tharaud\/"},"modified":"2025-09-26T09:49:57","modified_gmt":"2025-09-26T07:49:57","slug":"piano-concert-by-alexandre-tharaud","status":"publish","type":"post","link":"https:\/\/www.abbayedereigny.com\/en\/piano-concert-by-alexandre-tharaud\/","title":{"rendered":"Piano concert by Alexandre Tharaud and festive dinner"},"content":{"rendered":"<p>[et_pb_section fb_built=&#8221;1&#8243; _builder_version=&#8221;4.27.4&#8243; _module_preset=&#8221;default&#8221; background_color=&#8221;#FFFFFF&#8221; use_background_color_gradient=&#8221;on&#8221; background_color_gradient_stops=&#8221;rgba(190,168,143,0.38) 1%|rgba(255,255,255,0) 99%&#8221; custom_padding=&#8221;8px|||||&#8221; global_colors_info=&#8221;{}&#8221;][et_pb_row use_custom_gutter=&#8221;on&#8221; gutter_width=&#8221;2&#8243; admin_label=&#8221;Line&#8221; _builder_version=&#8221;4.25.2&#8243; _module_preset=&#8221;default&#8221; custom_padding=&#8221;||4px|||&#8221; global_colors_info=&#8221;{}&#8221;][et_pb_column type=&#8221;4_4&#8243; admin_label=&#8221;Column&#8221; _builder_version=&#8221;4.17.4&#8243; _module_preset=&#8221;default&#8221; global_colors_info=&#8221;{}&#8221;][et_pb_text admin_label=&#8221;Texte&#8221; _builder_version=&#8221;4.27.4&#8243; _module_preset=&#8221;default&#8221; header_font=&#8221;Abhaya Libre||||||||&#8221; header_text_align=&#8221;center&#8221; header_text_color=&#8221;#000000&#8243; header_font_size=&#8221;50px&#8221; header_line_height=&#8221;1.6em&#8221; header_2_text_align=&#8221;center&#8221; header_font_size_tablet=&#8221;50px&#8221; header_font_size_phone=&#8221;50px&#8221; header_font_size_last_edited=&#8221;on|phone&#8221; global_colors_info=&#8221;{}&#8221; header_line_height__hover_enabled=&#8221;on|desktop&#8221; header_line_height__hover=&#8221;1.6em&#8221;]<\/p>\n<h2><strong>Piano concert<br \/><\/strong>at 5:00 pm<\/h2>\n<h2><strong>Festive dinner<\/strong><br \/>at 8:00 pm<\/h2>\n<p>[\/et_pb_text][et_pb_image src=&#8221;https:\/\/www.abbayedereigny.com\/wp-content\/uploads\/2025\/09\/Concert-gala.jpg&#8221; alt=&#8221;Alexandre Tharaud piano recital&#8221; title_text=&#8221;Alexandre Tharaud piano recital&#8221; show_in_lightbox=&#8221;on&#8221; align=&#8221;center&#8221; _builder_version=&#8221;4.27.4&#8243; _module_preset=&#8221;default&#8221; global_colors_info=&#8221;{}&#8221;][\/et_pb_image][et_pb_text admin_label=&#8221;Texte&#8221; _builder_version=&#8221;4.27.4&#8243; _module_preset=&#8221;default&#8221; header_line_height=&#8221;1.3em&#8221; header_2_text_align=&#8221;center&#8221; header_2_line_height=&#8221;1.5em&#8221; custom_margin=&#8221;46px|||||&#8221; global_colors_info=&#8221;{}&#8221;]<\/p>\n<h2>Reigny Abbey (Yonne)<\/h2>\n<h2><strong>Saturday, October 4th<\/strong><\/h2>\n<p>[\/et_pb_text][\/et_pb_column][\/et_pb_row][et_pb_row column_structure=&#8221;1_2,1_2&#8243; use_custom_gutter=&#8221;on&#8221; gutter_width=&#8221;2&#8243; admin_label=&#8221;Line&#8221; _builder_version=&#8221;4.25.2&#8243; _module_preset=&#8221;default&#8221; custom_padding=&#8221;||4px|||&#8221; global_colors_info=&#8221;{}&#8221;][et_pb_column type=&#8221;1_2&#8243; admin_label=&#8221;Column&#8221; _builder_version=&#8221;4.17.4&#8243; _module_preset=&#8221;default&#8221; global_colors_info=&#8221;{}&#8221;][et_pb_text admin_label=&#8221;Texte&#8221; _builder_version=&#8221;4.27.4&#8243; _module_preset=&#8221;default&#8221; text_font_size=&#8221;16px&#8221; header_line_height=&#8221;1.3em&#8221; header_2_text_align=&#8221;center&#8221; header_2_line_height=&#8221;1.5em&#8221; header_3_text_align=&#8221;center&#8221; custom_margin=&#8221;46px|||||&#8221; global_colors_info=&#8221;{}&#8221;]<\/p>\n<p><strong>5:00 pm<br \/>Piano concert by Alexandre Tharaud: <\/strong>Mozart, Rameau, part 1 and Satie, Poulenc, Brel, Trenet part 2<strong>.<\/strong><\/p>\n<p>[\/et_pb_text][\/et_pb_column][et_pb_column type=&#8221;1_2&#8243; admin_label=&#8221;Column&#8221; _builder_version=&#8221;4.17.4&#8243; _module_preset=&#8221;default&#8221; global_colors_info=&#8221;{}&#8221;][et_pb_text admin_label=&#8221;Texte&#8221; _builder_version=&#8221;4.27.4&#8243; _module_preset=&#8221;default&#8221; text_font_size=&#8221;16px&#8221; header_line_height=&#8221;1.3em&#8221; header_2_text_align=&#8221;center&#8221; header_2_line_height=&#8221;1.5em&#8221; header_3_text_align=&#8221;center&#8221; custom_margin=&#8221;46px|||||&#8221; global_colors_info=&#8221;{}&#8221;]<\/p>\n<p><strong>8:00 pm<br \/>Festive <\/strong>dinner <strong>for the 20th anniversary of the association &#8220;Les Amis de l&#8217;Abbaye de Reigny&#8221; <\/strong>concocted by chef Aur\u00e9lien Millot (Morvan traiteur) in the colors of the coat of arms: sable (black), argent (gray) and sinople (green).<\/p>\n<p style=\"text-align: right;\">\n<p>[\/et_pb_text][\/et_pb_column][\/et_pb_row][et_pb_row use_custom_gutter=&#8221;on&#8221; gutter_width=&#8221;2&#8243; admin_label=&#8221;Line&#8221; _builder_version=&#8221;4.25.2&#8243; _module_preset=&#8221;default&#8221; custom_padding=&#8221;||4px|||&#8221; global_colors_info=&#8221;{}&#8221;][et_pb_column type=&#8221;4_4&#8243; admin_label=&#8221;Column&#8221; _builder_version=&#8221;4.17.4&#8243; _module_preset=&#8221;default&#8221; global_colors_info=&#8221;{}&#8221;][et_pb_text admin_label=&#8221;Texte&#8221; _builder_version=&#8221;4.27.4&#8243; _module_preset=&#8221;default&#8221; header_line_height=&#8221;1.3em&#8221; header_2_text_align=&#8221;center&#8221; header_2_line_height=&#8221;1.5em&#8221; custom_margin=&#8221;46px|||||&#8221; global_colors_info=&#8221;{}&#8221;]<\/p>\n<h2>Reigny Abbey (Yonne)<\/h2>\n<h2><strong>Saturday, October 4th<\/strong><\/h2>\n<p style=\"text-align: center;\">By reservation<br \/><strong>Concert only<\/strong><br \/><span style=\"color: #000000;\"><strong>Membership: \u20ac30<\/strong><\/span><br \/><span style=\"color: #000000;\"><strong>Non-member: \u20ac35<\/strong><\/span><\/p>\n<p style=\"text-align: center;\"><strong>Concert and Dinner<\/strong><br \/><span style=\"color: #000000;\"><strong>Members: \u20ac90<\/strong><\/span><br \/><span style=\"color: #000000;\"><strong>Non-member: \u20ac95<\/strong><\/span><\/p>\n<p>[\/et_pb_text][et_pb_button button_url=&#8221;https:\/\/www.helloasso.com\/associations\/association-des-amis-de-l-abbaye-de-reigny\/evenements\/20-ans-de-l-association-concert-et-diner-de-gala&#8221; url_new_window=&#8221;on&#8221; button_text=&#8221;Reservation&#8221; button_alignment=&#8221;center&#8221; _builder_version=&#8221;4.27.4&#8243; _module_preset=&#8221;default&#8221; custom_margin=&#8221;32px|||||&#8221; global_colors_info=&#8221;{}&#8221;][\/et_pb_button][et_pb_button button_url=&#8221;https:\/\/www.abbayedereigny.com\/wp-content\/uploads\/2025\/09\/CONCERT-sans-photo.pdf&#8221; button_text=&#8221;Download poster  &#8221; button_alignment=&#8221;center&#8221; _builder_version=&#8221;4.27.4&#8243; _module_preset=&#8221;default&#8221; custom_margin=&#8221;44px|||||&#8221; hover_enabled=&#8221;0&#8243; global_colors_info=&#8221;{}&#8221; url_new_window=&#8221;on&#8221; sticky_enabled=&#8221;0&#8243;][\/et_pb_button][\/et_pb_column][\/et_pb_row][\/et_pb_section]<\/p>\n","protected":false},"excerpt":{"rendered":"<p>Saturday October 4, 5:00 pm <b>Piano concert by Alexandre Tharaud <\/b>: Mozart, Rameau, part 1 and Satie, Poulenc, Brel, Trenet part 2.<br \/>\n8:00 pm <b>Festive dinner to celebrate the 20th anniversary of the association &#8220;Les Amis de l&#8217;Abbaye de Reigny&#8221;. <\/b> <\/p>\n","protected":false},"author":2,"featured_media":3190,"comment_status":"closed","ping_status":"closed","sticky":false,"template":"","format":"standard","meta":{"_et_pb_use_builder":"on","_et_pb_old_content":"","_et_gb_content_width":"","_jetpack_memberships_contains_paid_content":false,"footnotes":""},"categories":[69],"tags":[71],"class_list":["post-3492","post","type-post","status-publish","format-standard","has-post-thumbnail","hentry","category-season-2025","tag-reigny-abbey"],"yoast_head":"<!-- This site is optimized with the Yoast SEO plugin v27.4 - https:\/\/yoast.com\/product\/yoast-seo-wordpress\/ -->\n<title>Piano concert by Alexandre Tharaud and festive dinner - Abbaye de Reigny - Mariage, Wedding, r\u00e9ception, s\u00e9minaire avec h\u00e9bergement en Bourgogne, Burgundy, France<\/title>\n<meta name=\"robots\" content=\"index, follow, max-snippet:-1, max-image-preview:large, max-video-preview:-1\" \/>\n<link rel=\"canonical\" href=\"https:\/\/www.abbayedereigny.com\/en\/piano-concert-by-alexandre-tharaud\/\" \/>\n<meta property=\"og:locale\" content=\"en_US\" \/>\n<meta property=\"og:type\" content=\"article\" \/>\n<meta property=\"og:title\" content=\"Piano concert by Alexandre Tharaud and festive dinner - Abbaye de Reigny - Mariage, Wedding, r\u00e9ception, s\u00e9minaire avec h\u00e9bergement en Bourgogne, Burgundy, France\" \/>\n<meta property=\"og:description\" content=\"Saturday October 4, 5:00 pm Piano concert by Alexandre Tharaud : Mozart, Rameau, part 1 and Satie, Poulenc, Brel, Trenet part 2. 8:00 pm Festive dinner to celebrate the 20th anniversary of the association &quot;Les Amis de l&#039;Abbaye de Reigny&quot;.\" \/>\n<meta property=\"og:url\" content=\"https:\/\/www.abbayedereigny.com\/en\/piano-concert-by-alexandre-tharaud\/\" \/>\n<meta property=\"og:site_name\" content=\"Abbaye de Reigny - Mariage, Wedding, r\u00e9ception, s\u00e9minaire avec h\u00e9bergement en Bourgogne, Burgundy, France\" \/>\n<meta property=\"article:publisher\" content=\"https:\/\/www.facebook.com\/abbaye.dereigny\" \/>\n<meta property=\"article:published_time\" content=\"2025-09-01T06:30:15+00:00\" \/>\n<meta property=\"article:modified_time\" content=\"2025-09-26T07:49:57+00:00\" \/>\n<meta property=\"og:image\" content=\"https:\/\/www.abbayedereigny.com\/wp-content\/uploads\/2025\/02\/alexandre-tharaud-\u00a9-Quincena-Musical.webp\" \/>\n\t<meta property=\"og:image:width\" content=\"816\" \/>\n\t<meta property=\"og:image:height\" content=\"459\" \/>\n\t<meta property=\"og:image:type\" content=\"image\/webp\" \/>\n<meta name=\"author\" content=\"bernerd.com\" \/>\n<meta name=\"twitter:card\" content=\"summary_large_image\" \/>\n<meta name=\"twitter:creator\" content=\"@AbbayeDeReigny\" \/>\n<meta name=\"twitter:site\" content=\"@AbbayeDeReigny\" \/>\n<meta name=\"twitter:label1\" content=\"Written by\" \/>\n\t<meta name=\"twitter:data1\" content=\"bernerd.com\" \/>\n\t<meta name=\"twitter:label2\" content=\"Est. reading time\" \/>\n\t<meta name=\"twitter:data2\" content=\"3 minutes\" \/>\n<script type=\"application\/ld+json\" class=\"yoast-schema-graph\">{\"@context\":\"https:\\\/\\\/schema.org\",\"@graph\":[{\"@type\":\"Article\",\"@id\":\"https:\\\/\\\/www.abbayedereigny.com\\\/en\\\/piano-concert-by-alexandre-tharaud\\\/#article\",\"isPartOf\":{\"@id\":\"https:\\\/\\\/www.abbayedereigny.com\\\/en\\\/piano-concert-by-alexandre-tharaud\\\/\"},\"author\":{\"name\":\"bernerd.com\",\"@id\":\"https:\\\/\\\/www.abbayedereigny.com\\\/en\\\/#\\\/schema\\\/person\\\/a0832906660a0af36164983983bd1e87\"},\"headline\":\"Piano concert by Alexandre Tharaud and festive dinner\",\"datePublished\":\"2025-09-01T06:30:15+00:00\",\"dateModified\":\"2025-09-26T07:49:57+00:00\",\"mainEntityOfPage\":{\"@id\":\"https:\\\/\\\/www.abbayedereigny.com\\\/en\\\/piano-concert-by-alexandre-tharaud\\\/\"},\"wordCount\":609,\"publisher\":{\"@id\":\"https:\\\/\\\/www.abbayedereigny.com\\\/en\\\/#organization\"},\"image\":{\"@id\":\"https:\\\/\\\/www.abbayedereigny.com\\\/en\\\/piano-concert-by-alexandre-tharaud\\\/#primaryimage\"},\"thumbnailUrl\":\"https:\\\/\\\/www.abbayedereigny.com\\\/wp-content\\\/uploads\\\/2025\\\/02\\\/alexandre-tharaud-\u00a9-Quincena-Musical.webp\",\"keywords\":[\"Reigny Abbey\"],\"articleSection\":[\"Season 2025\"],\"inLanguage\":\"en-US\"},{\"@type\":\"WebPage\",\"@id\":\"https:\\\/\\\/www.abbayedereigny.com\\\/en\\\/piano-concert-by-alexandre-tharaud\\\/\",\"url\":\"https:\\\/\\\/www.abbayedereigny.com\\\/en\\\/piano-concert-by-alexandre-tharaud\\\/\",\"name\":\"Piano concert by Alexandre Tharaud and festive dinner - Abbaye de Reigny - Mariage, Wedding, r\u00e9ception, s\u00e9minaire avec h\u00e9bergement en Bourgogne, Burgundy, France\",\"isPartOf\":{\"@id\":\"https:\\\/\\\/www.abbayedereigny.com\\\/en\\\/#website\"},\"primaryImageOfPage\":{\"@id\":\"https:\\\/\\\/www.abbayedereigny.com\\\/en\\\/piano-concert-by-alexandre-tharaud\\\/#primaryimage\"},\"image\":{\"@id\":\"https:\\\/\\\/www.abbayedereigny.com\\\/en\\\/piano-concert-by-alexandre-tharaud\\\/#primaryimage\"},\"thumbnailUrl\":\"https:\\\/\\\/www.abbayedereigny.com\\\/wp-content\\\/uploads\\\/2025\\\/02\\\/alexandre-tharaud-\u00a9-Quincena-Musical.webp\",\"datePublished\":\"2025-09-01T06:30:15+00:00\",\"dateModified\":\"2025-09-26T07:49:57+00:00\",\"breadcrumb\":{\"@id\":\"https:\\\/\\\/www.abbayedereigny.com\\\/en\\\/piano-concert-by-alexandre-tharaud\\\/#breadcrumb\"},\"inLanguage\":\"en-US\",\"potentialAction\":[{\"@type\":\"ReadAction\",\"target\":[\"https:\\\/\\\/www.abbayedereigny.com\\\/en\\\/piano-concert-by-alexandre-tharaud\\\/\"]}]},{\"@type\":\"ImageObject\",\"inLanguage\":\"en-US\",\"@id\":\"https:\\\/\\\/www.abbayedereigny.com\\\/en\\\/piano-concert-by-alexandre-tharaud\\\/#primaryimage\",\"url\":\"https:\\\/\\\/www.abbayedereigny.com\\\/wp-content\\\/uploads\\\/2025\\\/02\\\/alexandre-tharaud-\u00a9-Quincena-Musical.webp\",\"contentUrl\":\"https:\\\/\\\/www.abbayedereigny.com\\\/wp-content\\\/uploads\\\/2025\\\/02\\\/alexandre-tharaud-\u00a9-Quincena-Musical.webp\",\"width\":816,\"height\":459},{\"@type\":\"BreadcrumbList\",\"@id\":\"https:\\\/\\\/www.abbayedereigny.com\\\/en\\\/piano-concert-by-alexandre-tharaud\\\/#breadcrumb\",\"itemListElement\":[{\"@type\":\"ListItem\",\"position\":1,\"name\":\"Accueil\",\"item\":\"https:\\\/\\\/www.abbayedereigny.com\\\/en\\\/abbey-of-reigny-2\\\/\"},{\"@type\":\"ListItem\",\"position\":2,\"name\":\"Piano concert by Alexandre Tharaud and festive dinner\"}]},{\"@type\":\"WebSite\",\"@id\":\"https:\\\/\\\/www.abbayedereigny.com\\\/en\\\/#website\",\"url\":\"https:\\\/\\\/www.abbayedereigny.com\\\/en\\\/\",\"name\":\"Abbaye de Reigny - Mariage, Wedding, r\u00e9ception, s\u00e9minaire avec h\u00e9bergement en Bourgogne, Burgundy, France\",\"description\":\"Mariage, Wedding, r\u00e9ception s\u00e9minaires, h\u00e9bergement dans l&#039;Yonne, France\",\"publisher\":{\"@id\":\"https:\\\/\\\/www.abbayedereigny.com\\\/en\\\/#organization\"},\"potentialAction\":[{\"@type\":\"SearchAction\",\"target\":{\"@type\":\"EntryPoint\",\"urlTemplate\":\"https:\\\/\\\/www.abbayedereigny.com\\\/en\\\/?s={search_term_string}\"},\"query-input\":{\"@type\":\"PropertyValueSpecification\",\"valueRequired\":true,\"valueName\":\"search_term_string\"}}],\"inLanguage\":\"en-US\"},{\"@type\":\"Organization\",\"@id\":\"https:\\\/\\\/www.abbayedereigny.com\\\/en\\\/#organization\",\"name\":\"Abbaye de Reigny - Mariage, Wedding, r\u00e9ception, s\u00e9minaire avec h\u00e9bergement en Bourgogne, Burgundy, France\",\"url\":\"https:\\\/\\\/www.abbayedereigny.com\\\/en\\\/\",\"logo\":{\"@type\":\"ImageObject\",\"inLanguage\":\"en-US\",\"@id\":\"https:\\\/\\\/www.abbayedereigny.com\\\/en\\\/#\\\/schema\\\/logo\\\/image\\\/\",\"url\":\"https:\\\/\\\/www.abbayedereigny.com\\\/wp-content\\\/uploads\\\/2022\\\/03\\\/Abbaye-Reigny-blasontexte.png\",\"contentUrl\":\"https:\\\/\\\/www.abbayedereigny.com\\\/wp-content\\\/uploads\\\/2022\\\/03\\\/Abbaye-Reigny-blasontexte.png\",\"width\":374,\"height\":150,\"caption\":\"Abbaye de Reigny - Mariage, Wedding, r\u00e9ception, s\u00e9minaire avec h\u00e9bergement en Bourgogne, Burgundy, France\"},\"image\":{\"@id\":\"https:\\\/\\\/www.abbayedereigny.com\\\/en\\\/#\\\/schema\\\/logo\\\/image\\\/\"},\"sameAs\":[\"https:\\\/\\\/www.facebook.com\\\/abbaye.dereigny\",\"https:\\\/\\\/x.com\\\/AbbayeDeReigny\"]},{\"@type\":\"Person\",\"@id\":\"https:\\\/\\\/www.abbayedereigny.com\\\/en\\\/#\\\/schema\\\/person\\\/a0832906660a0af36164983983bd1e87\",\"name\":\"bernerd.com\",\"image\":{\"@type\":\"ImageObject\",\"inLanguage\":\"en-US\",\"@id\":\"https:\\\/\\\/secure.gravatar.com\\\/avatar\\\/28c19f08f2eb99e6c0196f1234b0cd03f18d918dc4b0813965c3e92211f1ccf9?s=96&d=mm&r=g\",\"url\":\"https:\\\/\\\/secure.gravatar.com\\\/avatar\\\/28c19f08f2eb99e6c0196f1234b0cd03f18d918dc4b0813965c3e92211f1ccf9?s=96&d=mm&r=g\",\"contentUrl\":\"https:\\\/\\\/secure.gravatar.com\\\/avatar\\\/28c19f08f2eb99e6c0196f1234b0cd03f18d918dc4b0813965c3e92211f1ccf9?s=96&d=mm&r=g\",\"caption\":\"bernerd.com\"},\"url\":\"https:\\\/\\\/www.abbayedereigny.com\\\/en\\\/author\\\/fbernerd\\\/\"}]}<\/script>\n<!-- \/ Yoast SEO plugin. -->","yoast_head_json":{"title":"Piano concert by Alexandre Tharaud and festive dinner - Abbaye de Reigny - Mariage, Wedding, r\u00e9ception, s\u00e9minaire avec h\u00e9bergement en Bourgogne, Burgundy, France","robots":{"index":"index","follow":"follow","max-snippet":"max-snippet:-1","max-image-preview":"max-image-preview:large","max-video-preview":"max-video-preview:-1"},"canonical":"https:\/\/www.abbayedereigny.com\/en\/piano-concert-by-alexandre-tharaud\/","og_locale":"en_US","og_type":"article","og_title":"Piano concert by Alexandre Tharaud and festive dinner - Abbaye de Reigny - Mariage, Wedding, r\u00e9ception, s\u00e9minaire avec h\u00e9bergement en Bourgogne, Burgundy, France","og_description":"Saturday October 4, 5:00 pm Piano concert by Alexandre Tharaud : Mozart, Rameau, part 1 and Satie, Poulenc, Brel, Trenet part 2. 8:00 pm Festive dinner to celebrate the 20th anniversary of the association \"Les Amis de l'Abbaye de Reigny\".","og_url":"https:\/\/www.abbayedereigny.com\/en\/piano-concert-by-alexandre-tharaud\/","og_site_name":"Abbaye de Reigny - Mariage, Wedding, r\u00e9ception, s\u00e9minaire avec h\u00e9bergement en Bourgogne, Burgundy, France","article_publisher":"https:\/\/www.facebook.com\/abbaye.dereigny","article_published_time":"2025-09-01T06:30:15+00:00","article_modified_time":"2025-09-26T07:49:57+00:00","og_image":[{"width":816,"height":459,"url":"https:\/\/www.abbayedereigny.com\/wp-content\/uploads\/2025\/02\/alexandre-tharaud-\u00a9-Quincena-Musical.webp","type":"image\/webp"}],"author":"bernerd.com","twitter_card":"summary_large_image","twitter_creator":"@AbbayeDeReigny","twitter_site":"@AbbayeDeReigny","twitter_misc":{"Written by":"bernerd.com","Est. reading time":"3 minutes"},"schema":{"@context":"https:\/\/schema.org","@graph":[{"@type":"Article","@id":"https:\/\/www.abbayedereigny.com\/en\/piano-concert-by-alexandre-tharaud\/#article","isPartOf":{"@id":"https:\/\/www.abbayedereigny.com\/en\/piano-concert-by-alexandre-tharaud\/"},"author":{"name":"bernerd.com","@id":"https:\/\/www.abbayedereigny.com\/en\/#\/schema\/person\/a0832906660a0af36164983983bd1e87"},"headline":"Piano concert by Alexandre Tharaud and festive dinner","datePublished":"2025-09-01T06:30:15+00:00","dateModified":"2025-09-26T07:49:57+00:00","mainEntityOfPage":{"@id":"https:\/\/www.abbayedereigny.com\/en\/piano-concert-by-alexandre-tharaud\/"},"wordCount":609,"publisher":{"@id":"https:\/\/www.abbayedereigny.com\/en\/#organization"},"image":{"@id":"https:\/\/www.abbayedereigny.com\/en\/piano-concert-by-alexandre-tharaud\/#primaryimage"},"thumbnailUrl":"https:\/\/www.abbayedereigny.com\/wp-content\/uploads\/2025\/02\/alexandre-tharaud-\u00a9-Quincena-Musical.webp","keywords":["Reigny Abbey"],"articleSection":["Season 2025"],"inLanguage":"en-US"},{"@type":"WebPage","@id":"https:\/\/www.abbayedereigny.com\/en\/piano-concert-by-alexandre-tharaud\/","url":"https:\/\/www.abbayedereigny.com\/en\/piano-concert-by-alexandre-tharaud\/","name":"Piano concert by Alexandre Tharaud and festive dinner - Abbaye de Reigny - Mariage, Wedding, r\u00e9ception, s\u00e9minaire avec h\u00e9bergement en Bourgogne, Burgundy, France","isPartOf":{"@id":"https:\/\/www.abbayedereigny.com\/en\/#website"},"primaryImageOfPage":{"@id":"https:\/\/www.abbayedereigny.com\/en\/piano-concert-by-alexandre-tharaud\/#primaryimage"},"image":{"@id":"https:\/\/www.abbayedereigny.com\/en\/piano-concert-by-alexandre-tharaud\/#primaryimage"},"thumbnailUrl":"https:\/\/www.abbayedereigny.com\/wp-content\/uploads\/2025\/02\/alexandre-tharaud-\u00a9-Quincena-Musical.webp","datePublished":"2025-09-01T06:30:15+00:00","dateModified":"2025-09-26T07:49:57+00:00","breadcrumb":{"@id":"https:\/\/www.abbayedereigny.com\/en\/piano-concert-by-alexandre-tharaud\/#breadcrumb"},"inLanguage":"en-US","potentialAction":[{"@type":"ReadAction","target":["https:\/\/www.abbayedereigny.com\/en\/piano-concert-by-alexandre-tharaud\/"]}]},{"@type":"ImageObject","inLanguage":"en-US","@id":"https:\/\/www.abbayedereigny.com\/en\/piano-concert-by-alexandre-tharaud\/#primaryimage","url":"https:\/\/www.abbayedereigny.com\/wp-content\/uploads\/2025\/02\/alexandre-tharaud-\u00a9-Quincena-Musical.webp","contentUrl":"https:\/\/www.abbayedereigny.com\/wp-content\/uploads\/2025\/02\/alexandre-tharaud-\u00a9-Quincena-Musical.webp","width":816,"height":459},{"@type":"BreadcrumbList","@id":"https:\/\/www.abbayedereigny.com\/en\/piano-concert-by-alexandre-tharaud\/#breadcrumb","itemListElement":[{"@type":"ListItem","position":1,"name":"Accueil","item":"https:\/\/www.abbayedereigny.com\/en\/abbey-of-reigny-2\/"},{"@type":"ListItem","position":2,"name":"Piano concert by Alexandre Tharaud and festive dinner"}]},{"@type":"WebSite","@id":"https:\/\/www.abbayedereigny.com\/en\/#website","url":"https:\/\/www.abbayedereigny.com\/en\/","name":"Abbaye de Reigny - Mariage, Wedding, r\u00e9ception, s\u00e9minaire avec h\u00e9bergement en Bourgogne, Burgundy, France","description":"Mariage, Wedding, r\u00e9ception s\u00e9minaires, h\u00e9bergement dans l&#039;Yonne, France","publisher":{"@id":"https:\/\/www.abbayedereigny.com\/en\/#organization"},"potentialAction":[{"@type":"SearchAction","target":{"@type":"EntryPoint","urlTemplate":"https:\/\/www.abbayedereigny.com\/en\/?s={search_term_string}"},"query-input":{"@type":"PropertyValueSpecification","valueRequired":true,"valueName":"search_term_string"}}],"inLanguage":"en-US"},{"@type":"Organization","@id":"https:\/\/www.abbayedereigny.com\/en\/#organization","name":"Abbaye de Reigny - Mariage, Wedding, r\u00e9ception, s\u00e9minaire avec h\u00e9bergement en Bourgogne, Burgundy, France","url":"https:\/\/www.abbayedereigny.com\/en\/","logo":{"@type":"ImageObject","inLanguage":"en-US","@id":"https:\/\/www.abbayedereigny.com\/en\/#\/schema\/logo\/image\/","url":"https:\/\/www.abbayedereigny.com\/wp-content\/uploads\/2022\/03\/Abbaye-Reigny-blasontexte.png","contentUrl":"https:\/\/www.abbayedereigny.com\/wp-content\/uploads\/2022\/03\/Abbaye-Reigny-blasontexte.png","width":374,"height":150,"caption":"Abbaye de Reigny - Mariage, Wedding, r\u00e9ception, s\u00e9minaire avec h\u00e9bergement en Bourgogne, Burgundy, France"},"image":{"@id":"https:\/\/www.abbayedereigny.com\/en\/#\/schema\/logo\/image\/"},"sameAs":["https:\/\/www.facebook.com\/abbaye.dereigny","https:\/\/x.com\/AbbayeDeReigny"]},{"@type":"Person","@id":"https:\/\/www.abbayedereigny.com\/en\/#\/schema\/person\/a0832906660a0af36164983983bd1e87","name":"bernerd.com","image":{"@type":"ImageObject","inLanguage":"en-US","@id":"https:\/\/secure.gravatar.com\/avatar\/28c19f08f2eb99e6c0196f1234b0cd03f18d918dc4b0813965c3e92211f1ccf9?s=96&d=mm&r=g","url":"https:\/\/secure.gravatar.com\/avatar\/28c19f08f2eb99e6c0196f1234b0cd03f18d918dc4b0813965c3e92211f1ccf9?s=96&d=mm&r=g","contentUrl":"https:\/\/secure.gravatar.com\/avatar\/28c19f08f2eb99e6c0196f1234b0cd03f18d918dc4b0813965c3e92211f1ccf9?s=96&d=mm&r=g","caption":"bernerd.com"},"url":"https:\/\/www.abbayedereigny.com\/en\/author\/fbernerd\/"}]}},"jetpack_featured_media_url":"https:\/\/www.abbayedereigny.com\/wp-content\/uploads\/2025\/02\/alexandre-tharaud-\u00a9-Quincena-Musical.webp","jetpack_sharing_enabled":true,"_links":{"self":[{"href":"https:\/\/www.abbayedereigny.com\/en\/wp-json\/wp\/v2\/posts\/3492","targetHints":{"allow":["GET"]}}],"collection":[{"href":"https:\/\/www.abbayedereigny.com\/en\/wp-json\/wp\/v2\/posts"}],"about":[{"href":"https:\/\/www.abbayedereigny.com\/en\/wp-json\/wp\/v2\/types\/post"}],"author":[{"embeddable":true,"href":"https:\/\/www.abbayedereigny.com\/en\/wp-json\/wp\/v2\/users\/2"}],"replies":[{"embeddable":true,"href":"https:\/\/www.abbayedereigny.com\/en\/wp-json\/wp\/v2\/comments?post=3492"}],"version-history":[{"count":36,"href":"https:\/\/www.abbayedereigny.com\/en\/wp-json\/wp\/v2\/posts\/3492\/revisions"}],"predecessor-version":[{"id":3901,"href":"https:\/\/www.abbayedereigny.com\/en\/wp-json\/wp\/v2\/posts\/3492\/revisions\/3901"}],"wp:featuredmedia":[{"embeddable":true,"href":"https:\/\/www.abbayedereigny.com\/en\/wp-json\/wp\/v2\/media\/3190"}],"wp:attachment":[{"href":"https:\/\/www.abbayedereigny.com\/en\/wp-json\/wp\/v2\/media?parent=3492"}],"wp:term":[{"taxonomy":"category","embeddable":true,"href":"https:\/\/www.abbayedereigny.com\/en\/wp-json\/wp\/v2\/categories?post=3492"},{"taxonomy":"post_tag","embeddable":true,"href":"https:\/\/www.abbayedereigny.com\/en\/wp-json\/wp\/v2\/tags?post=3492"}],"curies":[{"name":"wp","href":"https:\/\/api.w.org\/{rel}","templated":true}]}}