{"id":4,"name":"Assoc. Les Amis de l'Abbaye de Reigny","url":"","description":"","link":"https:\/\/www.abbayedereigny.com\/en\/author\/amis-de-abbaye-de-reigny\/","slug":"amis-de-abbaye-de-reigny","avatar_urls":{"24":"https:\/\/secure.gravatar.com\/avatar\/0293822d86f859e1a3256ac8f237c733bc03e7f6d233aa19d2f4e5ee27c61c0a?s=24&d=mm&r=g","48":"https:\/\/secure.gravatar.com\/avatar\/0293822d86f859e1a3256ac8f237c733bc03e7f6d233aa19d2f4e5ee27c61c0a?s=48&d=mm&r=g","96":"https:\/\/secure.gravatar.com\/avatar\/0293822d86f859e1a3256ac8f237c733bc03e7f6d233aa19d2f4e5ee27c61c0a?s=96&d=mm&r=g"},"meta":{"jetpack_donation_warning_dismissed":false},"yoast_head":"<!-- This site is optimized with the Yoast SEO plugin v27.4 - https:\/\/yoast.com\/product\/yoast-seo-wordpress\/ -->\n<title>Assoc. Les Amis de l&#039;Abbaye de Reigny, auteur\/autrice sur Abbaye de Reigny - Mariage, Wedding, r\u00e9ception, s\u00e9minaire avec h\u00e9bergement en Bourgogne, Burgundy, France<\/title>\n<meta name=\"robots\" content=\"index, follow, max-snippet:-1, max-image-preview:large, max-video-preview:-1\" \/>\n<link rel=\"canonical\" href=\"https:\/\/www.abbayedereigny.com\/en\/author\/amis-de-abbaye-de-reigny\/\" \/>\n<meta property=\"og:locale\" content=\"en_US\" \/>\n<meta property=\"og:type\" content=\"profile\" \/>\n<meta property=\"og:title\" content=\"Assoc. Les Amis de l&#039;Abbaye de Reigny, auteur\/autrice sur Abbaye de Reigny - Mariage, Wedding, r\u00e9ception, s\u00e9minaire avec h\u00e9bergement en Bourgogne, Burgundy, France\" \/>\n<meta property=\"og:url\" content=\"https:\/\/www.abbayedereigny.com\/author\/amis-de-abbaye-de-reigny\/\" \/>\n<meta property=\"og:site_name\" content=\"Abbaye de Reigny - Mariage, Wedding, r\u00e9ception, s\u00e9minaire avec h\u00e9bergement en Bourgogne, Burgundy, France\" \/>\n<meta property=\"og:image\" content=\"https:\/\/secure.gravatar.com\/avatar\/0293822d86f859e1a3256ac8f237c733bc03e7f6d233aa19d2f4e5ee27c61c0a?s=500&d=mm&r=g\" \/>\n<meta name=\"twitter:card\" content=\"summary_large_image\" \/>\n<meta name=\"twitter:site\" content=\"@AbbayeDeReigny\" \/>\n<script type=\"application\/ld+json\" class=\"yoast-schema-graph\">{\"@context\":\"https:\\\/\\\/schema.org\",\"@graph\":[{\"@type\":\"ProfilePage\",\"@id\":\"https:\\\/\\\/www.abbayedereigny.com\\\/author\\\/amis-de-abbaye-de-reigny\\\/\",\"url\":\"https:\\\/\\\/www.abbayedereigny.com\\\/author\\\/amis-de-abbaye-de-reigny\\\/\",\"name\":\"Assoc. Les Amis de l'Abbaye de Reigny, auteur\\\/autrice sur Abbaye de Reigny - Mariage, Wedding, r\u00e9ception, s\u00e9minaire avec h\u00e9bergement en Bourgogne, Burgundy, France\",\"isPartOf\":{\"@id\":\"https:\\\/\\\/www.abbayedereigny.com\\\/en\\\/#website\"},\"breadcrumb\":{\"@id\":\"https:\\\/\\\/www.abbayedereigny.com\\\/author\\\/amis-de-abbaye-de-reigny\\\/#breadcrumb\"},\"inLanguage\":\"en-US\",\"potentialAction\":[{\"@type\":\"ReadAction\",\"target\":[\"https:\\\/\\\/www.abbayedereigny.com\\\/author\\\/amis-de-abbaye-de-reigny\\\/\"]}]},{\"@type\":\"BreadcrumbList\",\"@id\":\"https:\\\/\\\/www.abbayedereigny.com\\\/author\\\/amis-de-abbaye-de-reigny\\\/#breadcrumb\",\"itemListElement\":[{\"@type\":\"ListItem\",\"position\":1,\"name\":\"Accueil\",\"item\":\"https:\\\/\\\/www.abbayedereigny.com\\\/en\\\/abbey-of-reigny-2\\\/\"},{\"@type\":\"ListItem\",\"position\":2,\"name\":\"Archives pour Assoc. Les Amis de l'Abbaye de Reigny\"}]},{\"@type\":\"WebSite\",\"@id\":\"https:\\\/\\\/www.abbayedereigny.com\\\/en\\\/#website\",\"url\":\"https:\\\/\\\/www.abbayedereigny.com\\\/en\\\/\",\"name\":\"Abbaye de Reigny - Mariage, Wedding, r\u00e9ception, s\u00e9minaire avec h\u00e9bergement en Bourgogne, Burgundy, France\",\"description\":\"Mariage, Wedding, r\u00e9ception s\u00e9minaires, h\u00e9bergement dans l&#039;Yonne, France\",\"publisher\":{\"@id\":\"https:\\\/\\\/www.abbayedereigny.com\\\/en\\\/#organization\"},\"potentialAction\":[{\"@type\":\"SearchAction\",\"target\":{\"@type\":\"EntryPoint\",\"urlTemplate\":\"https:\\\/\\\/www.abbayedereigny.com\\\/en\\\/?s={search_term_string}\"},\"query-input\":{\"@type\":\"PropertyValueSpecification\",\"valueRequired\":true,\"valueName\":\"search_term_string\"}}],\"inLanguage\":\"en-US\"},{\"@type\":\"Organization\",\"@id\":\"https:\\\/\\\/www.abbayedereigny.com\\\/en\\\/#organization\",\"name\":\"Abbaye de Reigny - Mariage, Wedding, r\u00e9ception, s\u00e9minaire avec h\u00e9bergement en Bourgogne, Burgundy, France\",\"url\":\"https:\\\/\\\/www.abbayedereigny.com\\\/en\\\/\",\"logo\":{\"@type\":\"ImageObject\",\"inLanguage\":\"en-US\",\"@id\":\"https:\\\/\\\/www.abbayedereigny.com\\\/en\\\/#\\\/schema\\\/logo\\\/image\\\/\",\"url\":\"https:\\\/\\\/www.abbayedereigny.com\\\/wp-content\\\/uploads\\\/2022\\\/03\\\/Abbaye-Reigny-blasontexte.png\",\"contentUrl\":\"https:\\\/\\\/www.abbayedereigny.com\\\/wp-content\\\/uploads\\\/2022\\\/03\\\/Abbaye-Reigny-blasontexte.png\",\"width\":374,\"height\":150,\"caption\":\"Abbaye de Reigny - Mariage, Wedding, r\u00e9ception, s\u00e9minaire avec h\u00e9bergement en Bourgogne, Burgundy, France\"},\"image\":{\"@id\":\"https:\\\/\\\/www.abbayedereigny.com\\\/en\\\/#\\\/schema\\\/logo\\\/image\\\/\"},\"sameAs\":[\"https:\\\/\\\/www.facebook.com\\\/abbaye.dereigny\",\"https:\\\/\\\/x.com\\\/AbbayeDeReigny\"]},{\"@type\":\"Person\",\"@id\":\"https:\\\/\\\/www.abbayedereigny.com\\\/en\\\/#\\\/schema\\\/person\\\/1e0f3d248eb0174774fdef5a910f8b61\",\"name\":\"Assoc. Les Amis de l'Abbaye de Reigny\",\"image\":{\"@type\":\"ImageObject\",\"inLanguage\":\"en-US\",\"@id\":\"https:\\\/\\\/secure.gravatar.com\\\/avatar\\\/0293822d86f859e1a3256ac8f237c733bc03e7f6d233aa19d2f4e5ee27c61c0a?s=96&d=mm&r=g\",\"url\":\"https:\\\/\\\/secure.gravatar.com\\\/avatar\\\/0293822d86f859e1a3256ac8f237c733bc03e7f6d233aa19d2f4e5ee27c61c0a?s=96&d=mm&r=g\",\"contentUrl\":\"https:\\\/\\\/secure.gravatar.com\\\/avatar\\\/0293822d86f859e1a3256ac8f237c733bc03e7f6d233aa19d2f4e5ee27c61c0a?s=96&d=mm&r=g\",\"caption\":\"Assoc. Les Amis de l'Abbaye de Reigny\"},\"mainEntityOfPage\":{\"@id\":\"https:\\\/\\\/www.abbayedereigny.com\\\/author\\\/amis-de-abbaye-de-reigny\\\/\"}}]}<\/script>\n<!-- \/ Yoast SEO plugin. -->","yoast_head_json":{"title":"Assoc. Les Amis de l'Abbaye de Reigny, auteur\/autrice sur Abbaye de Reigny - Mariage, Wedding, r\u00e9ception, s\u00e9minaire avec h\u00e9bergement en Bourgogne, Burgundy, France","robots":{"index":"index","follow":"follow","max-snippet":"max-snippet:-1","max-image-preview":"max-image-preview:large","max-video-preview":"max-video-preview:-1"},"canonical":"https:\/\/www.abbayedereigny.com\/en\/author\/amis-de-abbaye-de-reigny\/","og_locale":"en_US","og_type":"profile","og_title":"Assoc. Les Amis de l'Abbaye de Reigny, auteur\/autrice sur Abbaye de Reigny - Mariage, Wedding, r\u00e9ception, s\u00e9minaire avec h\u00e9bergement en Bourgogne, Burgundy, France","og_url":"https:\/\/www.abbayedereigny.com\/author\/amis-de-abbaye-de-reigny\/","og_site_name":"Abbaye de Reigny - Mariage, Wedding, r\u00e9ception, s\u00e9minaire avec h\u00e9bergement en Bourgogne, Burgundy, France","og_image":[{"url":"https:\/\/secure.gravatar.com\/avatar\/0293822d86f859e1a3256ac8f237c733bc03e7f6d233aa19d2f4e5ee27c61c0a?s=500&d=mm&r=g","type":"","width":"","height":""}],"twitter_card":"summary_large_image","twitter_site":"@AbbayeDeReigny","schema":{"@context":"https:\/\/schema.org","@graph":[{"@type":"ProfilePage","@id":"https:\/\/www.abbayedereigny.com\/author\/amis-de-abbaye-de-reigny\/","url":"https:\/\/www.abbayedereigny.com\/author\/amis-de-abbaye-de-reigny\/","name":"Assoc. Les Amis de l'Abbaye de Reigny, auteur\/autrice sur Abbaye de Reigny - Mariage, Wedding, r\u00e9ception, s\u00e9minaire avec h\u00e9bergement en Bourgogne, Burgundy, France","isPartOf":{"@id":"https:\/\/www.abbayedereigny.com\/en\/#website"},"breadcrumb":{"@id":"https:\/\/www.abbayedereigny.com\/author\/amis-de-abbaye-de-reigny\/#breadcrumb"},"inLanguage":"en-US","potentialAction":[{"@type":"ReadAction","target":["https:\/\/www.abbayedereigny.com\/author\/amis-de-abbaye-de-reigny\/"]}]},{"@type":"BreadcrumbList","@id":"https:\/\/www.abbayedereigny.com\/author\/amis-de-abbaye-de-reigny\/#breadcrumb","itemListElement":[{"@type":"ListItem","position":1,"name":"Accueil","item":"https:\/\/www.abbayedereigny.com\/en\/abbey-of-reigny-2\/"},{"@type":"ListItem","position":2,"name":"Archives pour Assoc. Les Amis de l'Abbaye de Reigny"}]},{"@type":"WebSite","@id":"https:\/\/www.abbayedereigny.com\/en\/#website","url":"https:\/\/www.abbayedereigny.com\/en\/","name":"Abbaye de Reigny - Mariage, Wedding, r\u00e9ception, s\u00e9minaire avec h\u00e9bergement en Bourgogne, Burgundy, France","description":"Mariage, Wedding, r\u00e9ception s\u00e9minaires, h\u00e9bergement dans l&#039;Yonne, France","publisher":{"@id":"https:\/\/www.abbayedereigny.com\/en\/#organization"},"potentialAction":[{"@type":"SearchAction","target":{"@type":"EntryPoint","urlTemplate":"https:\/\/www.abbayedereigny.com\/en\/?s={search_term_string}"},"query-input":{"@type":"PropertyValueSpecification","valueRequired":true,"valueName":"search_term_string"}}],"inLanguage":"en-US"},{"@type":"Organization","@id":"https:\/\/www.abbayedereigny.com\/en\/#organization","name":"Abbaye de Reigny - Mariage, Wedding, r\u00e9ception, s\u00e9minaire avec h\u00e9bergement en Bourgogne, Burgundy, France","url":"https:\/\/www.abbayedereigny.com\/en\/","logo":{"@type":"ImageObject","inLanguage":"en-US","@id":"https:\/\/www.abbayedereigny.com\/en\/#\/schema\/logo\/image\/","url":"https:\/\/www.abbayedereigny.com\/wp-content\/uploads\/2022\/03\/Abbaye-Reigny-blasontexte.png","contentUrl":"https:\/\/www.abbayedereigny.com\/wp-content\/uploads\/2022\/03\/Abbaye-Reigny-blasontexte.png","width":374,"height":150,"caption":"Abbaye de Reigny - Mariage, Wedding, r\u00e9ception, s\u00e9minaire avec h\u00e9bergement en Bourgogne, Burgundy, France"},"image":{"@id":"https:\/\/www.abbayedereigny.com\/en\/#\/schema\/logo\/image\/"},"sameAs":["https:\/\/www.facebook.com\/abbaye.dereigny","https:\/\/x.com\/AbbayeDeReigny"]},{"@type":"Person","@id":"https:\/\/www.abbayedereigny.com\/en\/#\/schema\/person\/1e0f3d248eb0174774fdef5a910f8b61","name":"Assoc. Les Amis de l'Abbaye de Reigny","image":{"@type":"ImageObject","inLanguage":"en-US","@id":"https:\/\/secure.gravatar.com\/avatar\/0293822d86f859e1a3256ac8f237c733bc03e7f6d233aa19d2f4e5ee27c61c0a?s=96&d=mm&r=g","url":"https:\/\/secure.gravatar.com\/avatar\/0293822d86f859e1a3256ac8f237c733bc03e7f6d233aa19d2f4e5ee27c61c0a?s=96&d=mm&r=g","contentUrl":"https:\/\/secure.gravatar.com\/avatar\/0293822d86f859e1a3256ac8f237c733bc03e7f6d233aa19d2f4e5ee27c61c0a?s=96&d=mm&r=g","caption":"Assoc. Les Amis de l'Abbaye de Reigny"},"mainEntityOfPage":{"@id":"https:\/\/www.abbayedereigny.com\/author\/amis-de-abbaye-de-reigny\/"}}]}},"_links":{"self":[{"href":"https:\/\/www.abbayedereigny.com\/en\/wp-json\/wp\/v2\/users\/4","targetHints":{"allow":["GET"]}}],"collection":[{"href":"https:\/\/www.abbayedereigny.com\/en\/wp-json\/wp\/v2\/users"}]}}